{"id":70033,"date":"2017-09-18T20:53:09","date_gmt":"2017-09-18T17:53:09","guid":{"rendered":"http:\/\/www.sana.sy\/es\/?p=70033"},"modified":"2017-09-18T20:53:09","modified_gmt":"2017-09-18T17:53:09","slug":"siria-entrega-su-instrumento-de-ratificacion-de-la-convencion-de-seguridad-nuclear-a-la-agencia-internacional-de-energia-atomica","status":"publish","type":"post","link":"https:\/\/archive.sana.sy\/es\/?p=70033","title":{"rendered":"Siria entrega su instrumento de ratificaci\u00f3n de la Convenci\u00f3n de Seguridad Nuclear a la Agencia Internacional de Energ\u00eda At\u00f3mica"},"content":{"rendered":"<p>&nbsp;<\/p>\n<p><span style=\"color: #800000;\">Viena \u2013SANA<\/span><\/p>\n<p>La Rep\u00fablica \u00c1rabe Siria entreg\u00f3 su instrumento de ratificaci\u00f3n de la Convenci\u00f3n de Seguridad Nuclear a la Agencia Internacional de Energ\u00eda At\u00f3mica, durante una ceremonia en el marco de las labores del 61 periodo de la conferencia general de la Agencia Internacional celebrada actualmente en la capital austriaca.<\/p>\n<p>El delegado permanente de Siria ante la Agencia, Bassam al Sabbag, entreg\u00f3 al director general de la Agencia Yukia Amano, el instrumento de ratificaci\u00f3n con la presencia del Dr. Ibrahim Uthman, el director general del Comit\u00e9 de Energ\u00eda At\u00f3mica siria.<\/p>\n<p>&nbsp;<\/p>\n<p>&nbsp;<\/p>\n<p><span style=\"color: #0000ff;\">Akram. S<\/span><\/p>\n","protected":false},"excerpt":{"rendered":"<p>&nbsp; Viena \u2013SANA La Rep\u00fablica \u00c1rabe Siria entreg\u00f3 su instrumento de ratificaci\u00f3n de la Convenci\u00f3n de Seguridad Nuclear a la Agencia Internacional de Energ\u00eda At\u00f3mica, durante una ceremonia en el marco de las labores del 61 periodo de la conferencia general de la Agencia Internacional celebrada actualmente en la capital austriaca. El delegado permanente de &hellip;<\/p>\n","protected":false},"author":1,"featured_media":70034,"comment_status":"closed","ping_status":"closed","sticky":false,"template":"","format":"standard","meta":{"footnotes":""},"categories":[597,467,7541],"tags":[],"class_list":["post-70033","post","type-post","status-publish","format-standard","has-post-thumbnail","","category-cinta-de-noticias","category-siria-y-el-mundo","category-ultimas-noticias"],"_links":{"self":[{"href":"https:\/\/archive.sana.sy\/es\/index.php?rest_route=\/wp\/v2\/posts\/70033"}],"collection":[{"href":"https:\/\/archive.sana.sy\/es\/index.php?rest_route=\/wp\/v2\/posts"}],"about":[{"href":"https:\/\/archive.sana.sy\/es\/index.php?rest_route=\/wp\/v2\/types\/post"}],"author":[{"embeddable":true,"href":"https:\/\/archive.sana.sy\/es\/index.php?rest_route=\/wp\/v2\/users\/1"}],"replies":[{"embeddable":true,"href":"https:\/\/archive.sana.sy\/es\/index.php?rest_route=%2Fwp%2Fv2%2Fcomments&post=70033"}],"version-history":[{"count":0,"href":"https:\/\/archive.sana.sy\/es\/index.php?rest_route=\/wp\/v2\/posts\/70033\/revisions"}],"wp:featuredmedia":[{"embeddable":true,"href":"https:\/\/archive.sana.sy\/es\/index.php?rest_route=\/wp\/v2\/media\/70034"}],"wp:attachment":[{"href":"https:\/\/archive.sana.sy\/es\/index.php?rest_route=%2Fwp%2Fv2%2Fmedia&parent=70033"}],"wp:term":[{"taxonomy":"category","embeddable":true,"href":"https:\/\/archive.sana.sy\/es\/index.php?rest_route=%2Fwp%2Fv2%2Fcategories&post=70033"},{"taxonomy":"post_tag","embeddable":true,"href":"https:\/\/archive.sana.sy\/es\/index.php?rest_route=%2Fwp%2Fv2%2Ftags&post=70033"}],"curies":[{"name":"wp","href":"https:\/\/api.w.org\/{rel}","templated":true}]}}