{"id":7014,"date":"2014-08-14T11:49:24","date_gmt":"2014-08-14T08:49:24","guid":{"rendered":"http:\/\/www.sana.sy\/es\/?p=7014"},"modified":"2014-08-14T11:49:24","modified_gmt":"2014-08-14T08:49:24","slug":"francia-reconoce-que-900-francesas-luchan-en-las-filas-de-los-terroristas-en-siria-e-irak","status":"publish","type":"post","link":"https:\/\/archive.sana.sy\/es\/?p=7014","title":{"rendered":"Francia reconoce que 900 francesas luchan en las filas de los terroristas en Siria e Irak"},"content":{"rendered":"<div style=\"color: #000000\"><span lang=\"ES-TRAD\" style=\"color: #ff0000\">Par\u00eds, SANA<\/span><\/div>\n<div style=\"color: #000000\"><\/div>\n<div style=\"color: #000000\"><span lang=\"ES-TRAD\">El ministro del Interior franc\u00e9s, Bernard Kasanov, reconoci\u00f3 que unos 900 franceses se unieron a las filas de la denominada organizaci\u00f3n terrorista del &#8220;Estado Isl\u00e1mico en Irak y el Levante&#8221; vinculado a Al-Qaeda.<\/span><\/div>\n<div style=\"color: #000000\"><\/div>\n<div style=\"color: #000000\"><span lang=\"ES-TRAD\">En una entrevista con la emisora (Radio France Info), Kasanov explic\u00f3 que actualmente hay cerca de 900 personas que se fueron de Francia y se unieron al &#8220;Estado Isl\u00e1mico&#8221; y deben estar combatiendo en Siria e Irak.<\/span><\/div>\n<div style=\"color: #000000\"><\/div>\n<div style=\"color: #000000\"><span lang=\"ES-TRAD\">Cabe resaltar que el diputado franc\u00e9s Gerard Bapt, hab\u00eda descrito al &#8220;Estado Isl\u00e1mico en Irak y el Levante&#8221; como el &#8220;muchacho brutal&#8221; de Estados Unidos y sus aliados en el Golfo.<\/span><\/div>\n<div style=\"color: #000000\"><\/div>\n<div style=\"color: #000000\"><span style=\"color: #00ccff\">Fady M., Hala B.<\/span><\/div>\n<div class=\"yj6qo ajU\" style=\"color: #000000\">\n<div id=\":113\" class=\"ajR\"><img decoding=\"async\" class=\"ajT\" src=\"https:\/\/ssl.gstatic.com\/ui\/v1\/icons\/mail\/images\/cleardot.gif\" alt=\"\" \/><\/div>\n<\/div>\n","protected":false},"excerpt":{"rendered":"<p>Par\u00eds, SANA El ministro del Interior franc\u00e9s, Bernard Kasanov, reconoci\u00f3 que unos 900 franceses se unieron a las filas de la denominada organizaci\u00f3n terrorista del &#8220;Estado Isl\u00e1mico en Irak y el Levante&#8221; vinculado a Al-Qaeda. En una entrevista con la emisora (Radio France Info), Kasanov explic\u00f3 que actualmente hay cerca de 900 personas que se &hellip;<\/p>\n","protected":false},"author":1,"featured_media":7015,"comment_status":"closed","ping_status":"closed","sticky":false,"template":"","format":"standard","meta":{"footnotes":""},"categories":[597,456,576],"tags":[1608],"class_list":["post-7014","post","type-post","status-publish","format-standard","has-post-thumbnail","","category-cinta-de-noticias","category-arabe-internacional-politica","category-noticias-politicas","tag-francia-reconoce-que-900-francesas-luchan-en-las-filas-de-los-terroristas-en-siria-e-irak"],"_links":{"self":[{"href":"https:\/\/archive.sana.sy\/es\/index.php?rest_route=\/wp\/v2\/posts\/7014"}],"collection":[{"href":"https:\/\/archive.sana.sy\/es\/index.php?rest_route=\/wp\/v2\/posts"}],"about":[{"href":"https:\/\/archive.sana.sy\/es\/index.php?rest_route=\/wp\/v2\/types\/post"}],"author":[{"embeddable":true,"href":"https:\/\/archive.sana.sy\/es\/index.php?rest_route=\/wp\/v2\/users\/1"}],"replies":[{"embeddable":true,"href":"https:\/\/archive.sana.sy\/es\/index.php?rest_route=%2Fwp%2Fv2%2Fcomments&post=7014"}],"version-history":[{"count":0,"href":"https:\/\/archive.sana.sy\/es\/index.php?rest_route=\/wp\/v2\/posts\/7014\/revisions"}],"wp:featuredmedia":[{"embeddable":true,"href":"https:\/\/archive.sana.sy\/es\/index.php?rest_route=\/wp\/v2\/media\/7015"}],"wp:attachment":[{"href":"https:\/\/archive.sana.sy\/es\/index.php?rest_route=%2Fwp%2Fv2%2Fmedia&parent=7014"}],"wp:term":[{"taxonomy":"category","embeddable":true,"href":"https:\/\/archive.sana.sy\/es\/index.php?rest_route=%2Fwp%2Fv2%2Fcategories&post=7014"},{"taxonomy":"post_tag","embeddable":true,"href":"https:\/\/archive.sana.sy\/es\/index.php?rest_route=%2Fwp%2Fv2%2Ftags&post=7014"}],"curies":[{"name":"wp","href":"https:\/\/api.w.org\/{rel}","templated":true}]}}