{"id":70467,"date":"2017-09-27T20:09:55","date_gmt":"2017-09-27T17:09:55","guid":{"rendered":"http:\/\/www.sana.sy\/es\/?p=70467"},"modified":"2017-09-27T20:09:51","modified_gmt":"2017-09-27T17:09:52","slug":"coalicion-internacional-bombardea-con-fosforo-blanco-una-region-de-deir-ezzor","status":"publish","type":"post","link":"https:\/\/archive.sana.sy\/es\/?p=70467","title":{"rendered":"Coalici\u00f3n Internacional bombardea con f\u00f3sforo blanco una regi\u00f3n de Deir Ezzor"},"content":{"rendered":"<p><span style=\"color: #800000\">Deir Ezzor, SANA<\/span>&#8211; Fuentes civiles informaron este mi\u00e9rcoles que al menos tres civiles perdieron la vida y otros cinco resultaron heridos en un bombardeo de la coalici\u00f3n liderada por EEUU contra un poblado en la provincia siria de Deir Ezzor.<\/p>\n<p>Las fuentes agregaron que un avi\u00f3n de la coalici\u00f3n lanz\u00f3 un ataque con bombas de f\u00f3sforo blanco en el noreste de Deir Ezzor.<\/p>\n<p>Se reporta tambi\u00e9n serio da\u00f1o material a la propiedad p\u00fablica y privada.<\/p>\n<p>El f\u00f3sforo blanco es una sustancia prohibida por la Convenci\u00f3n de Armas Qu\u00edmicas del 13 de enero de 1993, y esta es la segunda vez que la coalici\u00f3n bombardea con bombas de f\u00f3sforo blanco, la primera fue a principios de este a\u00f1o en la ciudad de Raqqa.<\/p>\n<p>EEUU lidera una coalici\u00f3n de m\u00e1s de 70 naciones que desde la segunda mitad de 2014 realiza ataques a\u00e9reos contra las posiciones de grupos terroristas en Siria e Irak.<\/p>\n<p>&nbsp;<\/p>\n<p>Fady M\/ M Miri.<\/p>\n","protected":false},"excerpt":{"rendered":"<p>Deir Ezzor, SANA&#8211; Fuentes civiles informaron este mi\u00e9rcoles que al menos tres civiles perdieron la vida y otros cinco resultaron heridos en un bombardeo de la coalici\u00f3n liderada por EEUU contra un poblado en la provincia siria de Deir Ezzor. Las fuentes agregaron que un avi\u00f3n de la coalici\u00f3n lanz\u00f3 un ataque con bombas de &hellip;<\/p>\n","protected":false},"author":1,"featured_media":70503,"comment_status":"closed","ping_status":"closed","sticky":false,"template":"","format":"standard","meta":{"footnotes":""},"categories":[597,573,7541],"tags":[8916],"class_list":["post-70467","post","type-post","status-publish","format-standard","has-post-thumbnail","","category-cinta-de-noticias","category-la-realidad-de-los-acontecimientos-en-siria","category-ultimas-noticias","tag-coalicion-internacional"],"_links":{"self":[{"href":"https:\/\/archive.sana.sy\/es\/index.php?rest_route=\/wp\/v2\/posts\/70467"}],"collection":[{"href":"https:\/\/archive.sana.sy\/es\/index.php?rest_route=\/wp\/v2\/posts"}],"about":[{"href":"https:\/\/archive.sana.sy\/es\/index.php?rest_route=\/wp\/v2\/types\/post"}],"author":[{"embeddable":true,"href":"https:\/\/archive.sana.sy\/es\/index.php?rest_route=\/wp\/v2\/users\/1"}],"replies":[{"embeddable":true,"href":"https:\/\/archive.sana.sy\/es\/index.php?rest_route=%2Fwp%2Fv2%2Fcomments&post=70467"}],"version-history":[{"count":0,"href":"https:\/\/archive.sana.sy\/es\/index.php?rest_route=\/wp\/v2\/posts\/70467\/revisions"}],"wp:featuredmedia":[{"embeddable":true,"href":"https:\/\/archive.sana.sy\/es\/index.php?rest_route=\/wp\/v2\/media\/70503"}],"wp:attachment":[{"href":"https:\/\/archive.sana.sy\/es\/index.php?rest_route=%2Fwp%2Fv2%2Fmedia&parent=70467"}],"wp:term":[{"taxonomy":"category","embeddable":true,"href":"https:\/\/archive.sana.sy\/es\/index.php?rest_route=%2Fwp%2Fv2%2Fcategories&post=70467"},{"taxonomy":"post_tag","embeddable":true,"href":"https:\/\/archive.sana.sy\/es\/index.php?rest_route=%2Fwp%2Fv2%2Ftags&post=70467"}],"curies":[{"name":"wp","href":"https:\/\/api.w.org\/{rel}","templated":true}]}}