{"id":70485,"date":"2017-09-27T17:44:03","date_gmt":"2017-09-27T14:44:03","guid":{"rendered":"http:\/\/www.sana.sy\/es\/?p=70485"},"modified":"2017-09-27T17:44:03","modified_gmt":"2017-09-27T14:44:03","slug":"muere-un-trabajador-de-la-electricidad-por-explosion-de-una-mina-en-el-campo-de-hama","status":"publish","type":"post","link":"https:\/\/archive.sana.sy\/es\/?p=70485","title":{"rendered":"Muere un trabajador de la electricidad por explosi\u00f3n de una mina en el campo de Hama"},"content":{"rendered":"<p><span style=\"color: #800000\">Hama, SANA<\/span> \u2013 Un trabajador del sector el\u00e9ctrico cay\u00f3 m\u00e1rtir por la explosi\u00f3n de una mina, sembrada con antelaci\u00f3n por elementos terroristas, cuando se estaba realizando obras de mantenimiento en un \u00e1rea en el campo de la provincia de Hama.<\/p>\n<p>Una fuente del Ministerio de Electricidad confirm\u00f3 que el trabajador, Mohammad Yumma Al Ahmad, Jefe de Operaciones de Central El\u00e9ctrica de Al Sharia, perdi\u00f3 la vida en la explosi\u00f3n de la mina, que, seg\u00fan la fuente, tambi\u00e9n caus\u00f3 da\u00f1os a varios veh\u00edculos de los equipos.<\/p>\n<p>La fuente agreg\u00f3 que el Ministerio coordin\u00f3 con las autoridades para detectar el \u00e1rea para asegurar la seguridad de los equipos.<\/p>\n<p>&nbsp;<\/p>\n<p>M\/Miri<\/p>\n<p>&nbsp;<\/p>\n","protected":false},"excerpt":{"rendered":"<p>Hama, SANA \u2013 Un trabajador del sector el\u00e9ctrico cay\u00f3 m\u00e1rtir por la explosi\u00f3n de una mina, sembrada con antelaci\u00f3n por elementos terroristas, cuando se estaba realizando obras de mantenimiento en un \u00e1rea en el campo de la provincia de Hama. Una fuente del Ministerio de Electricidad confirm\u00f3 que el trabajador, Mohammad Yumma Al Ahmad, Jefe &hellip;<\/p>\n","protected":false},"author":1,"featured_media":70486,"comment_status":"closed","ping_status":"closed","sticky":false,"template":"","format":"standard","meta":{"footnotes":""},"categories":[597,573,7541],"tags":[10841],"class_list":["post-70485","post","type-post","status-publish","format-standard","has-post-thumbnail","","category-cinta-de-noticias","category-la-realidad-de-los-acontecimientos-en-siria","category-ultimas-noticias","tag-un-trabajador-del-sector-electrico"],"_links":{"self":[{"href":"https:\/\/archive.sana.sy\/es\/index.php?rest_route=\/wp\/v2\/posts\/70485"}],"collection":[{"href":"https:\/\/archive.sana.sy\/es\/index.php?rest_route=\/wp\/v2\/posts"}],"about":[{"href":"https:\/\/archive.sana.sy\/es\/index.php?rest_route=\/wp\/v2\/types\/post"}],"author":[{"embeddable":true,"href":"https:\/\/archive.sana.sy\/es\/index.php?rest_route=\/wp\/v2\/users\/1"}],"replies":[{"embeddable":true,"href":"https:\/\/archive.sana.sy\/es\/index.php?rest_route=%2Fwp%2Fv2%2Fcomments&post=70485"}],"version-history":[{"count":0,"href":"https:\/\/archive.sana.sy\/es\/index.php?rest_route=\/wp\/v2\/posts\/70485\/revisions"}],"wp:featuredmedia":[{"embeddable":true,"href":"https:\/\/archive.sana.sy\/es\/index.php?rest_route=\/wp\/v2\/media\/70486"}],"wp:attachment":[{"href":"https:\/\/archive.sana.sy\/es\/index.php?rest_route=%2Fwp%2Fv2%2Fmedia&parent=70485"}],"wp:term":[{"taxonomy":"category","embeddable":true,"href":"https:\/\/archive.sana.sy\/es\/index.php?rest_route=%2Fwp%2Fv2%2Fcategories&post=70485"},{"taxonomy":"post_tag","embeddable":true,"href":"https:\/\/archive.sana.sy\/es\/index.php?rest_route=%2Fwp%2Fv2%2Ftags&post=70485"}],"curies":[{"name":"wp","href":"https:\/\/api.w.org\/{rel}","templated":true}]}}