{"id":70488,"date":"2017-09-27T17:55:37","date_gmt":"2017-09-27T14:55:37","guid":{"rendered":"http:\/\/www.sana.sy\/es\/?p=70488"},"modified":"2017-09-27T17:55:37","modified_gmt":"2017-09-27T14:55:37","slug":"la-interpol-aprueba-el-ingreso-de-palestina-como-pais-miembro","status":"publish","type":"post","link":"https:\/\/archive.sana.sy\/es\/?p=70488","title":{"rendered":"La Interpol aprueba el ingreso de Palestina como pa\u00eds miembro"},"content":{"rendered":"<p><span style=\"color: #800000\">Pek\u00edn, SANA<\/span>&#8211; La Organizaci\u00f3n Internacional de Polic\u00eda Criminal (Interpol) aprob\u00f3 este mi\u00e9rcoles (27.09.2017) el ingreso de Palestina en el organismo con un apoyo &#8220;arrollador&#8221; de los pa\u00edses miembros, informaron fuentes de la delegaci\u00f3n palestina.<\/p>\n<p>La votaci\u00f3n, que se realiz\u00f3 durante la 86\u00aa Asamblea General que la agencia internacional lleva a cabo estos d\u00edas en Pek\u00edn, cont\u00f3 con el apoyo de 75 pa\u00edses miembros.<\/p>\n<p>El \u00faltimo intento para frenar su ingreso ocurri\u00f3 ayer, cuando EE. UU. present\u00f3 una moci\u00f3n para paralizar el proceso de admisi\u00f3n, que finalmente no fue aprobada por el resto de pa\u00edses miembros.<\/p>\n<p>El ministro de Asuntos Exteriores palestino, Riad Malki, se\u00f1al\u00f3 en un comunicado que &#8220;el abrumador voto en apoyo de la membres\u00eda de Palestina es un voto de confianza en las capacidades de cumplimento de la ley de Palestina y en el compromiso a los valores centrales de la organizaci\u00f3n&#8221;.<\/p>\n<p>&#8220;Quienes se oponen son simplemente quienes est\u00e1n dispuestos a normalizar el control israel\u00ed sobre nuestras vidas y nuestro destino&#8221;, a\u00f1adi\u00f3.<\/p>\n<p>&nbsp;<\/p>\n<p>M\/Miri<\/p>\n","protected":false},"excerpt":{"rendered":"<p>Pek\u00edn, SANA&#8211; La Organizaci\u00f3n Internacional de Polic\u00eda Criminal (Interpol) aprob\u00f3 este mi\u00e9rcoles (27.09.2017) el ingreso de Palestina en el organismo con un apoyo &#8220;arrollador&#8221; de los pa\u00edses miembros, informaron fuentes de la delegaci\u00f3n palestina. La votaci\u00f3n, que se realiz\u00f3 durante la 86\u00aa Asamblea General que la agencia internacional lleva a cabo estos d\u00edas en Pek\u00edn, &hellip;<\/p>\n","protected":false},"author":1,"featured_media":70489,"comment_status":"closed","ping_status":"closed","sticky":false,"template":"","format":"standard","meta":{"footnotes":""},"categories":[597,456,457],"tags":[8915],"class_list":["post-70488","post","type-post","status-publish","format-standard","has-post-thumbnail","","category-cinta-de-noticias","category-arabe-internacional-politica","category-noticias-arabe-internacional-politica","tag-interpol"],"_links":{"self":[{"href":"https:\/\/archive.sana.sy\/es\/index.php?rest_route=\/wp\/v2\/posts\/70488"}],"collection":[{"href":"https:\/\/archive.sana.sy\/es\/index.php?rest_route=\/wp\/v2\/posts"}],"about":[{"href":"https:\/\/archive.sana.sy\/es\/index.php?rest_route=\/wp\/v2\/types\/post"}],"author":[{"embeddable":true,"href":"https:\/\/archive.sana.sy\/es\/index.php?rest_route=\/wp\/v2\/users\/1"}],"replies":[{"embeddable":true,"href":"https:\/\/archive.sana.sy\/es\/index.php?rest_route=%2Fwp%2Fv2%2Fcomments&post=70488"}],"version-history":[{"count":0,"href":"https:\/\/archive.sana.sy\/es\/index.php?rest_route=\/wp\/v2\/posts\/70488\/revisions"}],"wp:featuredmedia":[{"embeddable":true,"href":"https:\/\/archive.sana.sy\/es\/index.php?rest_route=\/wp\/v2\/media\/70489"}],"wp:attachment":[{"href":"https:\/\/archive.sana.sy\/es\/index.php?rest_route=%2Fwp%2Fv2%2Fmedia&parent=70488"}],"wp:term":[{"taxonomy":"category","embeddable":true,"href":"https:\/\/archive.sana.sy\/es\/index.php?rest_route=%2Fwp%2Fv2%2Fcategories&post=70488"},{"taxonomy":"post_tag","embeddable":true,"href":"https:\/\/archive.sana.sy\/es\/index.php?rest_route=%2Fwp%2Fv2%2Ftags&post=70488"}],"curies":[{"name":"wp","href":"https:\/\/api.w.org\/{rel}","templated":true}]}}