{"id":70497,"date":"2017-09-27T19:05:03","date_gmt":"2017-09-27T16:05:03","guid":{"rendered":"http:\/\/www.sana.sy\/es\/?p=70497"},"modified":"2017-09-27T20:11:15","modified_gmt":"2017-09-27T17:11:15","slug":"ejercito-y-aviacion-militar-continuan-sus-operativos-contra-los-terroristas-de-daesh-en-deir-ezzor-y-su-periferia","status":"publish","type":"post","link":"https:\/\/archive.sana.sy\/es\/?p=70497","title":{"rendered":"Ej\u00e9rcito y aviaci\u00f3n militar contin\u00faan sus operativos contra los terroristas de Daesh en Deir Ezzor y su periferia"},"content":{"rendered":"<p><span style=\"color: #800000\">Deir Ezzor, SANA<\/span>&#8211; El Ej\u00e9rcito sirio ha librado este mi\u00e9rcoles feroces batallas contra la organizaci\u00f3n terrorista del Estado Isl\u00e1mico en la ciudad de Deir Ezzor y sus inmediaciones.<\/p>\n<p>En este contexto, destacamentos del Ej\u00e9rcito causaron a los terroristas de Daesh bajas y heridos durante enfrentamientos en Huwaiyet Saker en el eje sureste de la ciudad de Deir Ezzor, donde les destruyeron fortificaciones y dos veh\u00edculos artillados.<\/p>\n<p>Los operativos terrestres coincidieron con otros a\u00e9reos desatados por la aviaci\u00f3n militar contra sedes y refugios de la organizaci\u00f3n takfiri en Huwaiyat Saker y el pueblo de al Husainiya al noreste de la ciudad de Deir Ezzor, as\u00ed como en los barrios de al Huwaika, al Aradi, Khasarat, y Kanamat. Estos operativos a\u00e9reos se saldaron con significativas bajas y heridos de la organizaci\u00f3n terrorista de Daesh.<\/p>\n<p>En otro sentido, terroristas de Daesh raptaron a cinco familias y quemaron sus veh\u00edculos y su documentaci\u00f3n cerca de la localidad de al Kisra en el campo noroeste de Deir Ezzor, mientras estas familias trataban de salir de las \u00e1reas de control de esta organizaci\u00f3n terrorista.<\/p>\n<p>Es de se\u00f1alar que el s\u00e1bado pasado, destacamentos del Ej\u00e9rcito sirio recuperaron el control de todo el campo que se extiende entre las provincias de Deir Ezzor y Raqqa, y de la orilla sure\u00f1a del r\u00edo \u00c9ufrates despu\u00e9s de haber librado feroces operativos en los que los terroristas de Daesh sufrieron centenares de bajas y heridos.<\/p>\n<p>&nbsp;<\/p>\n<p>Lynn A<\/p>\n","protected":false},"excerpt":{"rendered":"<p>Deir Ezzor, SANA&#8211; El Ej\u00e9rcito sirio ha librado este mi\u00e9rcoles feroces batallas contra la organizaci\u00f3n terrorista del Estado Isl\u00e1mico en la ciudad de Deir Ezzor y sus inmediaciones. En este contexto, destacamentos del Ej\u00e9rcito causaron a los terroristas de Daesh bajas y heridos durante enfrentamientos en Huwaiyet Saker en el eje sureste de la ciudad &hellip;<\/p>\n","protected":false},"author":1,"featured_media":70498,"comment_status":"closed","ping_status":"closed","sticky":false,"template":"","format":"standard","meta":{"footnotes":""},"categories":[597,573,583,7541],"tags":[8571],"class_list":["post-70497","post","type-post","status-publish","format-standard","has-post-thumbnail","","category-cinta-de-noticias","category-la-realidad-de-los-acontecimientos-en-siria","category-slide","category-ultimas-noticias","tag-ejercito"],"_links":{"self":[{"href":"https:\/\/archive.sana.sy\/es\/index.php?rest_route=\/wp\/v2\/posts\/70497"}],"collection":[{"href":"https:\/\/archive.sana.sy\/es\/index.php?rest_route=\/wp\/v2\/posts"}],"about":[{"href":"https:\/\/archive.sana.sy\/es\/index.php?rest_route=\/wp\/v2\/types\/post"}],"author":[{"embeddable":true,"href":"https:\/\/archive.sana.sy\/es\/index.php?rest_route=\/wp\/v2\/users\/1"}],"replies":[{"embeddable":true,"href":"https:\/\/archive.sana.sy\/es\/index.php?rest_route=%2Fwp%2Fv2%2Fcomments&post=70497"}],"version-history":[{"count":0,"href":"https:\/\/archive.sana.sy\/es\/index.php?rest_route=\/wp\/v2\/posts\/70497\/revisions"}],"wp:featuredmedia":[{"embeddable":true,"href":"https:\/\/archive.sana.sy\/es\/index.php?rest_route=\/wp\/v2\/media\/70498"}],"wp:attachment":[{"href":"https:\/\/archive.sana.sy\/es\/index.php?rest_route=%2Fwp%2Fv2%2Fmedia&parent=70497"}],"wp:term":[{"taxonomy":"category","embeddable":true,"href":"https:\/\/archive.sana.sy\/es\/index.php?rest_route=%2Fwp%2Fv2%2Fcategories&post=70497"},{"taxonomy":"post_tag","embeddable":true,"href":"https:\/\/archive.sana.sy\/es\/index.php?rest_route=%2Fwp%2Fv2%2Ftags&post=70497"}],"curies":[{"name":"wp","href":"https:\/\/api.w.org\/{rel}","templated":true}]}}