{"id":70748,"date":"2017-10-03T17:41:09","date_gmt":"2017-10-03T14:41:09","guid":{"rendered":"http:\/\/www.sana.sy\/es\/?p=70748"},"modified":"2017-10-03T19:39:03","modified_gmt":"2017-10-03T16:39:03","slug":"canciller-sirio-iniciara-el-9-de-este-mes-una-visita-a-rusia","status":"publish","type":"post","link":"https:\/\/archive.sana.sy\/es\/?p=70748","title":{"rendered":"Canciller sirio iniciar\u00e1 el 9 de este mes una visita a Rusia"},"content":{"rendered":"<p><span style=\"color: #800000\">Damasco, SANA<\/span>&#8211; El canciller sirio, Walid al-Mollem, iniciar\u00e1 el pr\u00f3ximo lunes una visita a Rusia para asistir a la reuni\u00f3n de la Comisi\u00f3n sirio-rusa para la cooperaci\u00f3n econ\u00f3mica que se desarrollar\u00e1 los d\u00edas 9 y 10 del presente mes en la ciudad de Sochi.<\/p>\n<p>Una fuente en la Canciller\u00eda siria revel\u00f3 que el jefe de la diplomacia siria se reunir\u00e1 tambi\u00e9n con su par ruso, Serguei Lavrov, el 11 de este octubre para abordar los \u00faltimos acontecimientos a nivel regional e internacional.<\/p>\n<p>&nbsp;<\/p>\n<p>Lynn A.<\/p>\n","protected":false},"excerpt":{"rendered":"<p>Damasco, SANA&#8211; El canciller sirio, Walid al-Mollem, iniciar\u00e1 el pr\u00f3ximo lunes una visita a Rusia para asistir a la reuni\u00f3n de la Comisi\u00f3n sirio-rusa para la cooperaci\u00f3n econ\u00f3mica que se desarrollar\u00e1 los d\u00edas 9 y 10 del presente mes en la ciudad de Sochi. Una fuente en la Canciller\u00eda siria revel\u00f3 que el jefe de &hellip;<\/p>\n","protected":false},"author":1,"featured_media":70774,"comment_status":"closed","ping_status":"closed","sticky":false,"template":"","format":"standard","meta":{"footnotes":""},"categories":[477,597,476,467,583,7541],"tags":[10869],"class_list":["post-70748","post","type-post","status-publish","format-standard","has-post-thumbnail","","category-noticias-edulcorantes","category-cinta-de-noticias","category-locales","category-siria-y-el-mundo","category-slide","category-ultimas-noticias","tag-walid-al-mollem"],"_links":{"self":[{"href":"https:\/\/archive.sana.sy\/es\/index.php?rest_route=\/wp\/v2\/posts\/70748"}],"collection":[{"href":"https:\/\/archive.sana.sy\/es\/index.php?rest_route=\/wp\/v2\/posts"}],"about":[{"href":"https:\/\/archive.sana.sy\/es\/index.php?rest_route=\/wp\/v2\/types\/post"}],"author":[{"embeddable":true,"href":"https:\/\/archive.sana.sy\/es\/index.php?rest_route=\/wp\/v2\/users\/1"}],"replies":[{"embeddable":true,"href":"https:\/\/archive.sana.sy\/es\/index.php?rest_route=%2Fwp%2Fv2%2Fcomments&post=70748"}],"version-history":[{"count":0,"href":"https:\/\/archive.sana.sy\/es\/index.php?rest_route=\/wp\/v2\/posts\/70748\/revisions"}],"wp:featuredmedia":[{"embeddable":true,"href":"https:\/\/archive.sana.sy\/es\/index.php?rest_route=\/wp\/v2\/media\/70774"}],"wp:attachment":[{"href":"https:\/\/archive.sana.sy\/es\/index.php?rest_route=%2Fwp%2Fv2%2Fmedia&parent=70748"}],"wp:term":[{"taxonomy":"category","embeddable":true,"href":"https:\/\/archive.sana.sy\/es\/index.php?rest_route=%2Fwp%2Fv2%2Fcategories&post=70748"},{"taxonomy":"post_tag","embeddable":true,"href":"https:\/\/archive.sana.sy\/es\/index.php?rest_route=%2Fwp%2Fv2%2Ftags&post=70748"}],"curies":[{"name":"wp","href":"https:\/\/api.w.org\/{rel}","templated":true}]}}