{"id":70755,"date":"2017-10-03T17:39:22","date_gmt":"2017-10-03T14:39:22","guid":{"rendered":"http:\/\/www.sana.sy\/es\/?p=70755"},"modified":"2017-10-03T17:39:22","modified_gmt":"2017-10-03T14:39:22","slug":"el-embajador-venezolano-reitera-el-apoyo-de-su-pais-a-siria-2","status":"publish","type":"post","link":"https:\/\/archive.sana.sy\/es\/?p=70755","title":{"rendered":"El embajador venezolano reitera el apoyo de su pa\u00eds a Siria"},"content":{"rendered":"<p><span style=\"color: #800000\">Damasco, SANA<\/span>&#8211; Una reuni\u00f3n de La Asociaci\u00f3n de la Amistad Sirio-Venezolana se ha celebrado este martes en la sede de la Asamblea Popular en Damasco, encabezada por, Mauad Nasser, \u00a0y el Embajador de la Rep\u00fablica Bolivariana de Venezuela en Damasco, Imad Saab, donde se han abordado formas para desarrollar las relaciones de amistad, as\u00ed como las relaciones parlamentarias entre los dos pa\u00edses amigos.<\/p>\n<p>Durante el encuentro, Naser hizo referencia a la profundidad de las relaciones hist\u00f3ricas entre Siria y Venezuela en diversos campos, sobre todo, que ambos Estados sufren la misma agresi\u00f3n, pero bajo diferentes aspectos, que trata de distorsionar y falsificar los hechos y acontecimientos.<\/p>\n<p>Por su parte, el Se\u00f1or Embajador, Imad Saab, explic\u00f3 que la conspiraci\u00f3n desatada contra su pa\u00eds surge como consecuencia de las ambiciones internacionales que pretenden controlar la riqueza que posee Venezuela.<\/p>\n<p><a href=\"http:\/\/www.sana.sy\/es\/?attachment_id=70759\" rel=\"attachment wp-att-70759\"><img loading=\"lazy\" decoding=\"async\" class=\"alignnone size-medium wp-image-70759\" src=\"http:\/\/www.sana.sy\/es\/wp-content\/uploads\/2017\/10\/5-2-300x185.jpg\" alt=\"\" width=\"300\" height=\"185\" srcset=\"https:\/\/archive.sana.sy\/es\/wp-content\/uploads\/2017\/10\/5-2.jpg 300w, https:\/\/archive.sana.sy\/es\/wp-content\/uploads\/2017\/10\/5-2-150x93.jpg 150w\" sizes=\"(max-width: 300px) 100vw, 300px\" \/><\/a><\/p>\n<p>Adem\u00e1s, el embajador de la Rep\u00fablica Bolivariana de Venezuela reiter\u00f3 la firme posici\u00f3n de su pa\u00eds en apoyo a Siria y la solidaridad con su pueblo en la lucha contra el terrorismo.<br \/>\nPor su parte, los miembros de la Asociaci\u00f3n llamaron a fortalecer los lazos entre los dos pa\u00edses amigos para conseguir los intereses supremos de ambos lados.<\/p>\n<p><a href=\"http:\/\/www.sana.sy\/es\/?attachment_id=70757\" rel=\"attachment wp-att-70757\"><img loading=\"lazy\" decoding=\"async\" class=\"alignnone size-medium wp-image-70757\" src=\"http:\/\/www.sana.sy\/es\/wp-content\/uploads\/2017\/10\/4-1-300x190.jpg\" alt=\"\" width=\"300\" height=\"190\" srcset=\"https:\/\/archive.sana.sy\/es\/wp-content\/uploads\/2017\/10\/4-1.jpg 300w, https:\/\/archive.sana.sy\/es\/wp-content\/uploads\/2017\/10\/4-1-150x95.jpg 150w\" sizes=\"(max-width: 300px) 100vw, 300px\" \/><\/a><\/p>\n<p>&nbsp;<\/p>\n<p>M\/Miri<\/p>\n","protected":false},"excerpt":{"rendered":"<p>Damasco, SANA&#8211; Una reuni\u00f3n de La Asociaci\u00f3n de la Amistad Sirio-Venezolana se ha celebrado este martes en la sede de la Asamblea Popular en Damasco, encabezada por, Mauad Nasser, \u00a0y el Embajador de la Rep\u00fablica Bolivariana de Venezuela en Damasco, Imad Saab, donde se han abordado formas para desarrollar las relaciones de amistad, as\u00ed como &hellip;<\/p>\n","protected":false},"author":1,"featured_media":70756,"comment_status":"closed","ping_status":"closed","sticky":false,"template":"","format":"standard","meta":{"footnotes":""},"categories":[477,597,476,583,7541],"tags":[10870],"class_list":["post-70755","post","type-post","status-publish","format-standard","has-post-thumbnail","","category-noticias-edulcorantes","category-cinta-de-noticias","category-locales","category-slide","category-ultimas-noticias","tag-imad-saab"],"_links":{"self":[{"href":"https:\/\/archive.sana.sy\/es\/index.php?rest_route=\/wp\/v2\/posts\/70755"}],"collection":[{"href":"https:\/\/archive.sana.sy\/es\/index.php?rest_route=\/wp\/v2\/posts"}],"about":[{"href":"https:\/\/archive.sana.sy\/es\/index.php?rest_route=\/wp\/v2\/types\/post"}],"author":[{"embeddable":true,"href":"https:\/\/archive.sana.sy\/es\/index.php?rest_route=\/wp\/v2\/users\/1"}],"replies":[{"embeddable":true,"href":"https:\/\/archive.sana.sy\/es\/index.php?rest_route=%2Fwp%2Fv2%2Fcomments&post=70755"}],"version-history":[{"count":0,"href":"https:\/\/archive.sana.sy\/es\/index.php?rest_route=\/wp\/v2\/posts\/70755\/revisions"}],"wp:featuredmedia":[{"embeddable":true,"href":"https:\/\/archive.sana.sy\/es\/index.php?rest_route=\/wp\/v2\/media\/70756"}],"wp:attachment":[{"href":"https:\/\/archive.sana.sy\/es\/index.php?rest_route=%2Fwp%2Fv2%2Fmedia&parent=70755"}],"wp:term":[{"taxonomy":"category","embeddable":true,"href":"https:\/\/archive.sana.sy\/es\/index.php?rest_route=%2Fwp%2Fv2%2Fcategories&post=70755"},{"taxonomy":"post_tag","embeddable":true,"href":"https:\/\/archive.sana.sy\/es\/index.php?rest_route=%2Fwp%2Fv2%2Ftags&post=70755"}],"curies":[{"name":"wp","href":"https:\/\/api.w.org\/{rel}","templated":true}]}}