{"id":70771,"date":"2017-10-03T19:33:22","date_gmt":"2017-10-03T16:33:22","guid":{"rendered":"http:\/\/www.sana.sy\/es\/?p=70771"},"modified":"2017-10-03T19:36:40","modified_gmt":"2017-10-03T16:36:40","slug":"moscu-condena-el-atentado-en-damasco","status":"publish","type":"post","link":"https:\/\/archive.sana.sy\/es\/?p=70771","title":{"rendered":"Mosc\u00fa condena el atentado terrorista en Damasco"},"content":{"rendered":"<p><span style=\"color: #800000\">Mosc\u00fa, SANA<\/span>&#8211; Rusia condena el doble atentado suicida contra una comisar\u00eda en el barrio de Al Midan ubicado al sur de Damasco, comunic\u00f3 el Ministerio ruso de Asuntos Exteriores.<\/p>\n<p>&#8220;Mosc\u00fa condena en\u00e9rgicamente otro acto b\u00e1rbaro de los terroristas, expresamos el p\u00e9same a las familias de los muertos y les deseamos una pronta recuperaci\u00f3n a los heridos&#8221;, dice la nota.<\/p>\n<p>El Ministerio ruso subray\u00f3 que Rusia seguir\u00e1 su coordinaci\u00f3n con el gobierno sirio a fin de acabar con la amenaza del terrorismo en suelo sirio, instando a todos los socios internacionales a tomar posiciones serias en torno a la amenaza del terrorismo y el extremismo en la regi\u00f3n de Oriente Medio.<\/p>\n<p>Un n\u00famero de m\u00e1rtires y heridos cayeron el lunes pasado a consecuencia de un ataque perpetrado por un grupo terrorista contra una estaci\u00f3n de polic\u00eda en el barrio de Midan, de la capital Damasco.<\/p>\n<p>&nbsp;<\/p>\n<p>M\/Miri<\/p>\n","protected":false},"excerpt":{"rendered":"<p>Mosc\u00fa, SANA&#8211; Rusia condena el doble atentado suicida contra una comisar\u00eda en el barrio de Al Midan ubicado al sur de Damasco, comunic\u00f3 el Ministerio ruso de Asuntos Exteriores. &#8220;Mosc\u00fa condena en\u00e9rgicamente otro acto b\u00e1rbaro de los terroristas, expresamos el p\u00e9same a las familias de los muertos y les deseamos una pronta recuperaci\u00f3n a los &hellip;<\/p>\n","protected":false},"author":1,"featured_media":42650,"comment_status":"closed","ping_status":"closed","sticky":false,"template":"","format":"standard","meta":{"footnotes":""},"categories":[597,467,7541],"tags":[7016],"class_list":["post-70771","post","type-post","status-publish","format-standard","has-post-thumbnail","","category-cinta-de-noticias","category-siria-y-el-mundo","category-ultimas-noticias","tag-moscu"],"_links":{"self":[{"href":"https:\/\/archive.sana.sy\/es\/index.php?rest_route=\/wp\/v2\/posts\/70771"}],"collection":[{"href":"https:\/\/archive.sana.sy\/es\/index.php?rest_route=\/wp\/v2\/posts"}],"about":[{"href":"https:\/\/archive.sana.sy\/es\/index.php?rest_route=\/wp\/v2\/types\/post"}],"author":[{"embeddable":true,"href":"https:\/\/archive.sana.sy\/es\/index.php?rest_route=\/wp\/v2\/users\/1"}],"replies":[{"embeddable":true,"href":"https:\/\/archive.sana.sy\/es\/index.php?rest_route=%2Fwp%2Fv2%2Fcomments&post=70771"}],"version-history":[{"count":0,"href":"https:\/\/archive.sana.sy\/es\/index.php?rest_route=\/wp\/v2\/posts\/70771\/revisions"}],"wp:featuredmedia":[{"embeddable":true,"href":"https:\/\/archive.sana.sy\/es\/index.php?rest_route=\/wp\/v2\/media\/42650"}],"wp:attachment":[{"href":"https:\/\/archive.sana.sy\/es\/index.php?rest_route=%2Fwp%2Fv2%2Fmedia&parent=70771"}],"wp:term":[{"taxonomy":"category","embeddable":true,"href":"https:\/\/archive.sana.sy\/es\/index.php?rest_route=%2Fwp%2Fv2%2Fcategories&post=70771"},{"taxonomy":"post_tag","embeddable":true,"href":"https:\/\/archive.sana.sy\/es\/index.php?rest_route=%2Fwp%2Fv2%2Ftags&post=70771"}],"curies":[{"name":"wp","href":"https:\/\/api.w.org\/{rel}","templated":true}]}}