{"id":70952,"date":"2017-10-08T17:54:39","date_gmt":"2017-10-08T14:54:39","guid":{"rendered":"http:\/\/www.sana.sy\/es\/?p=70952"},"modified":"2017-10-08T17:54:39","modified_gmt":"2017-10-08T14:54:39","slug":"al-hareb-el-fugitivo-una-pelicula-siria-galardonada-en-seul","status":"publish","type":"post","link":"https:\/\/archive.sana.sy\/es\/?p=70952","title":{"rendered":"Al Hareb &#8220;el fugitivo&#8221;, una pel\u00edcula siria galardonada en Se\u00fal"},"content":{"rendered":"<p>Damasco, SANA<\/p>\n<p>El cortometraje documental Al Hareb &#8220;el figitivo&#8221; de la comunic\u00f3loga Nur Melhem ha logrado su objetivo en Corea del Sur en desenmascarar los cr\u00edmenes de la organizaci\u00f3n terrorista Daesh que recluta a los ni\u00f1os para los combates, as\u00ed pues el filme ha obtenido el premio &#8220;Llave de la Paz&#8221; durante su participaci\u00f3n en una conferencia internacional en Se\u00fal.<\/p>\n<p>La pel\u00edcula aborda la historia de un ni\u00f1o de 15 a\u00f1os de edad que vio en sus propios ojos la muerte de sus padres a manos daeshitas quienes se lo llevaron a uno de sus campamentos de entrenamiento sobre el uso de armas junto a la frontera turca, y de all\u00ed logr\u00f3 huir con la ayuda de su t\u00edo.<\/p>\n<p>El filme desvela la violaci\u00f3n de los derechos del ni\u00f1o por Daesh y hasta qu\u00e9 punto sufre la infancia siria a causa del terrorismo, as\u00ed pues Al Hareb goz\u00f3 del benepl\u00e1cito del p\u00fablico al ser exhibido durante la Conferencia de Paz en Corea.<\/p>\n<p>&nbsp;<\/p>\n<p>R.Sh.-Y.K.<\/p>\n","protected":false},"excerpt":{"rendered":"<p>Damasco, SANA El cortometraje documental Al Hareb &#8220;el figitivo&#8221; de la comunic\u00f3loga Nur Melhem ha logrado su objetivo en Corea del Sur en desenmascarar los cr\u00edmenes de la organizaci\u00f3n terrorista Daesh que recluta a los ni\u00f1os para los combates, as\u00ed pues el filme ha obtenido el premio &#8220;Llave de la Paz&#8221; durante su participaci\u00f3n en &hellip;<\/p>\n","protected":false},"author":1,"featured_media":70953,"comment_status":"closed","ping_status":"closed","sticky":false,"template":"","format":"standard","meta":{"footnotes":""},"categories":[476,7541],"tags":[],"class_list":["post-70952","post","type-post","status-publish","format-standard","has-post-thumbnail","","category-locales","category-ultimas-noticias"],"_links":{"self":[{"href":"https:\/\/archive.sana.sy\/es\/index.php?rest_route=\/wp\/v2\/posts\/70952"}],"collection":[{"href":"https:\/\/archive.sana.sy\/es\/index.php?rest_route=\/wp\/v2\/posts"}],"about":[{"href":"https:\/\/archive.sana.sy\/es\/index.php?rest_route=\/wp\/v2\/types\/post"}],"author":[{"embeddable":true,"href":"https:\/\/archive.sana.sy\/es\/index.php?rest_route=\/wp\/v2\/users\/1"}],"replies":[{"embeddable":true,"href":"https:\/\/archive.sana.sy\/es\/index.php?rest_route=%2Fwp%2Fv2%2Fcomments&post=70952"}],"version-history":[{"count":0,"href":"https:\/\/archive.sana.sy\/es\/index.php?rest_route=\/wp\/v2\/posts\/70952\/revisions"}],"wp:featuredmedia":[{"embeddable":true,"href":"https:\/\/archive.sana.sy\/es\/index.php?rest_route=\/wp\/v2\/media\/70953"}],"wp:attachment":[{"href":"https:\/\/archive.sana.sy\/es\/index.php?rest_route=%2Fwp%2Fv2%2Fmedia&parent=70952"}],"wp:term":[{"taxonomy":"category","embeddable":true,"href":"https:\/\/archive.sana.sy\/es\/index.php?rest_route=%2Fwp%2Fv2%2Fcategories&post=70952"},{"taxonomy":"post_tag","embeddable":true,"href":"https:\/\/archive.sana.sy\/es\/index.php?rest_route=%2Fwp%2Fv2%2Ftags&post=70952"}],"curies":[{"name":"wp","href":"https:\/\/api.w.org\/{rel}","templated":true}]}}