{"id":7102,"date":"2014-08-15T18:25:51","date_gmt":"2014-08-15T15:25:51","guid":{"rendered":"http:\/\/www.sana.sy\/es\/?p=7102"},"modified":"2014-08-15T18:26:33","modified_gmt":"2014-08-15T15:26:33","slug":"1914-inauguracion-del-canal-de-panama-entre-los-oceanos-atlantico-y-pacifico","status":"publish","type":"post","link":"https:\/\/archive.sana.sy\/es\/?p=7102","title":{"rendered":"1914: Inauguraci\u00f3n del Canal de Panam\u00e1 entre los oc\u00e9anos Atl\u00e1ntico y Pac\u00edfico"},"content":{"rendered":"<p style=\"text-align: justify\"><span style=\"color: #800000\">Damasco, SANA<\/span><\/p>\n<p style=\"text-align: justify\">&#8211; 1918: Cortar las relaciones diplom\u00e1ticas entre Estados Unidos y Rusia.<\/p>\n<p style=\"text-align: justify\">-1945: Jap\u00f3n acepta los t\u00e9rminos aliados para la entrega en la segunda Guerra Mundial.<\/p>\n<p style=\"text-align: justify\">-1945: Anuncio del fin de la segunda guerra mundial.<\/p>\n<p style=\"text-align: justify\">-1947: Proclamaci\u00f3n de la Independencia de la India.<\/p>\n<p style=\"text-align: justify\">-2007: Cuatro atentados terroristas en la provincia iraqu\u00ed de N\u00ednive matando a m\u00e1s de 250 muertos y 500 heridos.<\/p>\n<p style=\"text-align: justify\"><span style=\"color: #0000ff\">Ghifar Al.<\/span><\/p>\n","protected":false},"excerpt":{"rendered":"<p>Damasco, SANA &#8211; 1918: Cortar las relaciones diplom\u00e1ticas entre Estados Unidos y Rusia. -1945: Jap\u00f3n acepta los t\u00e9rminos aliados para la entrega en la segunda Guerra Mundial. -1945: Anuncio del fin de la segunda guerra mundial. -1947: Proclamaci\u00f3n de la Independencia de la India. -2007: Cuatro atentados terroristas en la provincia iraqu\u00ed de N\u00ednive matando &hellip;<\/p>\n","protected":false},"author":1,"featured_media":4048,"comment_status":"closed","ping_status":"closed","sticky":false,"template":"","format":"standard","meta":{"footnotes":""},"categories":[572],"tags":[1627],"class_list":["post-7102","post","type-post","status-publish","format-standard","has-post-thumbnail","","category-efemerides","tag-1914-inauguracion-del-canal-de-panama-entre-los-oceanos-atlantico-y-pacifico"],"_links":{"self":[{"href":"https:\/\/archive.sana.sy\/es\/index.php?rest_route=\/wp\/v2\/posts\/7102"}],"collection":[{"href":"https:\/\/archive.sana.sy\/es\/index.php?rest_route=\/wp\/v2\/posts"}],"about":[{"href":"https:\/\/archive.sana.sy\/es\/index.php?rest_route=\/wp\/v2\/types\/post"}],"author":[{"embeddable":true,"href":"https:\/\/archive.sana.sy\/es\/index.php?rest_route=\/wp\/v2\/users\/1"}],"replies":[{"embeddable":true,"href":"https:\/\/archive.sana.sy\/es\/index.php?rest_route=%2Fwp%2Fv2%2Fcomments&post=7102"}],"version-history":[{"count":0,"href":"https:\/\/archive.sana.sy\/es\/index.php?rest_route=\/wp\/v2\/posts\/7102\/revisions"}],"wp:featuredmedia":[{"embeddable":true,"href":"https:\/\/archive.sana.sy\/es\/index.php?rest_route=\/wp\/v2\/media\/4048"}],"wp:attachment":[{"href":"https:\/\/archive.sana.sy\/es\/index.php?rest_route=%2Fwp%2Fv2%2Fmedia&parent=7102"}],"wp:term":[{"taxonomy":"category","embeddable":true,"href":"https:\/\/archive.sana.sy\/es\/index.php?rest_route=%2Fwp%2Fv2%2Fcategories&post=7102"},{"taxonomy":"post_tag","embeddable":true,"href":"https:\/\/archive.sana.sy\/es\/index.php?rest_route=%2Fwp%2Fv2%2Ftags&post=7102"}],"curies":[{"name":"wp","href":"https:\/\/api.w.org\/{rel}","templated":true}]}}