{"id":71120,"date":"2017-10-12T09:43:08","date_gmt":"2017-10-12T06:43:08","guid":{"rendered":"http:\/\/www.sana.sy\/es\/?p=71120"},"modified":"2017-10-12T09:46:05","modified_gmt":"2017-10-12T06:46:05","slug":"9-centros-ofrecen-servicios-de-protesis-para-mutilados-a-consecuencia-del-terrorismo","status":"publish","type":"post","link":"https:\/\/archive.sana.sy\/es\/?p=71120","title":{"rendered":"9 centros ofrecen servicios de pr\u00f3tesis para mutilados a consecuencia del terrorismo"},"content":{"rendered":"<p><span style=\"color: #800000;\">Damasco, SANA<\/span><\/p>\n<p>Los participantes de la Quinta Conferencia Cient\u00edfica de la Asociaci\u00f3n Siria de Medicina y Rehabilitaci\u00f3n F\u00edsica, debatieron durante dos d\u00edas la realidad de los servicios de pr\u00f3tesis en Siria y las perspectivas para su desarrollo.<\/p>\n<p>La conferencia incluy\u00f3 cerca de 13 conferencias sobre la cirug\u00eda de la amputaci\u00f3n, los trastornos psicol\u00f3gicos y sociales en los pacientes con amputaciones, las aplicaciones de la impresi\u00f3n en tres dimensiones en las pr\u00f3tesis.<\/p>\n<p>El presidente de la Asociaci\u00f3n, Dr. Muhammad Hisham Tenbakyi, dijo durante su intervenci\u00f3n que en Siria hay nueve centros especializados en prestar servicios de pr\u00f3tesis: dos pertenecen al Ministerio de Defensa en Damasco y Tartous, dos centros pertenecientes al Ministerio de Salud en Damasco y Homs, adem\u00e1s de un centro de la Organizaci\u00f3n de la Media Luna Roja Siria \u00c1rabe en Damasco, y otro en Homs que se cre\u00f3 en coordinaci\u00f3n con el Comit\u00e9 Internacional de la Cruz Roja (CICR), mientras los tres centros restantes pertenece a asociaciones comunitarias en Damasco.<br \/>\nA su vez, el jefe de Departamento de Servicios M\u00e9dicos Militares en el Ministerio de Defensa, el mayor general Maurice Mawas, dijo que se est\u00e1 trabajando para crear dos nuevos centros de pr\u00f3tesis en Latakia, y se est\u00e1 rehabilitando el centro de pr\u00f3tesis en Alepo tras sufrir grandes da\u00f1os materiales como resultado de los ataques terroristas.<\/p>\n<p><span style=\"color: #0000ff;\">F. Marouf\/ Dr. A. Shaban<\/span><\/p>\n","protected":false},"excerpt":{"rendered":"<p>Damasco, SANA Los participantes de la Quinta Conferencia Cient\u00edfica de la Asociaci\u00f3n Siria de Medicina y Rehabilitaci\u00f3n F\u00edsica, debatieron durante dos d\u00edas la realidad de los servicios de pr\u00f3tesis en Siria y las perspectivas para su desarrollo. La conferencia incluy\u00f3 cerca de 13 conferencias sobre la cirug\u00eda de la amputaci\u00f3n, los trastornos psicol\u00f3gicos y sociales &hellip;<\/p>\n","protected":false},"author":1,"featured_media":71121,"comment_status":"closed","ping_status":"closed","sticky":false,"template":"","format":"standard","meta":{"footnotes":""},"categories":[477,597,476,583,7541],"tags":[],"class_list":["post-71120","post","type-post","status-publish","format-standard","has-post-thumbnail","","category-noticias-edulcorantes","category-cinta-de-noticias","category-locales","category-slide","category-ultimas-noticias"],"_links":{"self":[{"href":"https:\/\/archive.sana.sy\/es\/index.php?rest_route=\/wp\/v2\/posts\/71120"}],"collection":[{"href":"https:\/\/archive.sana.sy\/es\/index.php?rest_route=\/wp\/v2\/posts"}],"about":[{"href":"https:\/\/archive.sana.sy\/es\/index.php?rest_route=\/wp\/v2\/types\/post"}],"author":[{"embeddable":true,"href":"https:\/\/archive.sana.sy\/es\/index.php?rest_route=\/wp\/v2\/users\/1"}],"replies":[{"embeddable":true,"href":"https:\/\/archive.sana.sy\/es\/index.php?rest_route=%2Fwp%2Fv2%2Fcomments&post=71120"}],"version-history":[{"count":0,"href":"https:\/\/archive.sana.sy\/es\/index.php?rest_route=\/wp\/v2\/posts\/71120\/revisions"}],"wp:featuredmedia":[{"embeddable":true,"href":"https:\/\/archive.sana.sy\/es\/index.php?rest_route=\/wp\/v2\/media\/71121"}],"wp:attachment":[{"href":"https:\/\/archive.sana.sy\/es\/index.php?rest_route=%2Fwp%2Fv2%2Fmedia&parent=71120"}],"wp:term":[{"taxonomy":"category","embeddable":true,"href":"https:\/\/archive.sana.sy\/es\/index.php?rest_route=%2Fwp%2Fv2%2Fcategories&post=71120"},{"taxonomy":"post_tag","embeddable":true,"href":"https:\/\/archive.sana.sy\/es\/index.php?rest_route=%2Fwp%2Fv2%2Ftags&post=71120"}],"curies":[{"name":"wp","href":"https:\/\/api.w.org\/{rel}","templated":true}]}}