{"id":71124,"date":"2017-10-12T11:04:36","date_gmt":"2017-10-12T08:04:36","guid":{"rendered":"http:\/\/www.sana.sy\/es\/?p=71124"},"modified":"2023-01-09T14:09:13","modified_gmt":"2023-01-09T12:09:13","slug":"ejercito-derriba-a-dos-drones-de-reconocimiento-del-daesh-en-deir-ezzor","status":"publish","type":"post","link":"https:\/\/archive.sana.sy\/es\/?p=71124","title":{"rendered":"Ej\u00e9rcito derriba a dos drones de reconocimiento del Daesh en Deir Ezzor"},"content":{"rendered":"<p><span style=\"color: #800000\">Deir Ezzor, SANA<\/span><\/p>\n<p>Unidades del Ej\u00e9rcito sirio retomaron el control de puntos importantes al este del r\u00edo \u00c9ufrates y en las inmediaciones de la ciudad de Al-Mayadeen, a unos 40 km al sur de la ciudad de Deir Ezzor.<\/p>\n<p>Seg\u00fan una fuente militar, los uniformados sirios llevaron a cabo operaciones militares en las que emplearon la artiller\u00eda y la aviaci\u00f3n contra los terroristas del Daesh en la zona de Tibah, pegado a Al-Mayadeen, donde tomaron el control de varios puntos tras la eliminaci\u00f3n de un gran n\u00famero de terroristas y la destrucci\u00f3n de coches-bomba y veh\u00edculos artillados.<\/p>\n<p>En la orilla oriental del r\u00edo \u00c9ufrates, las unidades militares libraron feroces choques con los terroristas en los barrios Sinaah y Orfi, donde derribaron a dos drones de reconocimiento del Daesh.<\/p>\n<p>En otro contexto, Los helic\u00f3pteros del Ej\u00e9rcito sirio lanzaron panfletos en los poblados del campo de Deir Ezzor, los cuales llaman a la poblaci\u00f3n civil a alejarse de las sedes de los terroristas del &#8220;Daesh&#8221;.<\/p>\n<p>En otro contexto, las fuerzas armadas evacuaron a cinco familias de la ciudad de Mayadeen.<\/p>\n<p>A saber que la organizaci\u00f3n terrorista DAESH toma como escudos humanos a los ciudadanos e impide su salida a trav\u00e9s de los corredores seguros predeterminados por el ej\u00e9rcito sirio.<\/p>\n<p><span style=\"color: #0000ff\">F. Marouf\/ Dr. A. Shaban\/ Y.K.<\/span><\/p>\n","protected":false},"excerpt":{"rendered":"<p>Deir Ezzor, SANA Unidades del Ej\u00e9rcito sirio retomaron el control de puntos importantes al este del r\u00edo \u00c9ufrates y en las inmediaciones de la ciudad de Al-Mayadeen, a unos 40 km al sur de la ciudad de Deir Ezzor. Seg\u00fan una fuente militar, los uniformados sirios llevaron a cabo operaciones militares en las que emplearon &hellip;<\/p>\n","protected":false},"author":1,"featured_media":71125,"comment_status":"closed","ping_status":"closed","sticky":false,"template":"","format":"standard","meta":{"footnotes":""},"categories":[477,597,573,476,583,7541],"tags":[10915],"class_list":["post-71124","post","type-post","status-publish","format-standard","has-post-thumbnail","","category-noticias-edulcorantes","category-cinta-de-noticias","category-la-realidad-de-los-acontecimientos-en-siria","category-locales","category-slide","category-ultimas-noticias","tag-ejercito-derriba-a-dos-drones-de-reconocimiento-del-daesh-en-deir-ezzor"],"_links":{"self":[{"href":"https:\/\/archive.sana.sy\/es\/index.php?rest_route=\/wp\/v2\/posts\/71124"}],"collection":[{"href":"https:\/\/archive.sana.sy\/es\/index.php?rest_route=\/wp\/v2\/posts"}],"about":[{"href":"https:\/\/archive.sana.sy\/es\/index.php?rest_route=\/wp\/v2\/types\/post"}],"author":[{"embeddable":true,"href":"https:\/\/archive.sana.sy\/es\/index.php?rest_route=\/wp\/v2\/users\/1"}],"replies":[{"embeddable":true,"href":"https:\/\/archive.sana.sy\/es\/index.php?rest_route=%2Fwp%2Fv2%2Fcomments&post=71124"}],"version-history":[{"count":0,"href":"https:\/\/archive.sana.sy\/es\/index.php?rest_route=\/wp\/v2\/posts\/71124\/revisions"}],"wp:featuredmedia":[{"embeddable":true,"href":"https:\/\/archive.sana.sy\/es\/index.php?rest_route=\/wp\/v2\/media\/71125"}],"wp:attachment":[{"href":"https:\/\/archive.sana.sy\/es\/index.php?rest_route=%2Fwp%2Fv2%2Fmedia&parent=71124"}],"wp:term":[{"taxonomy":"category","embeddable":true,"href":"https:\/\/archive.sana.sy\/es\/index.php?rest_route=%2Fwp%2Fv2%2Fcategories&post=71124"},{"taxonomy":"post_tag","embeddable":true,"href":"https:\/\/archive.sana.sy\/es\/index.php?rest_route=%2Fwp%2Fv2%2Ftags&post=71124"}],"curies":[{"name":"wp","href":"https:\/\/api.w.org\/{rel}","templated":true}]}}