{"id":71151,"date":"2017-10-13T18:05:42","date_gmt":"2017-10-13T15:05:42","guid":{"rendered":"http:\/\/sana.sy\/es\/?p=71151"},"modified":"2017-10-13T18:39:45","modified_gmt":"2017-10-13T15:39:45","slug":"grupos-armados-violan-acuerdo-de-zonas-de-distencion-en-deraa-y-causan-tres-victimas-mortales","status":"publish","type":"post","link":"https:\/\/archive.sana.sy\/es\/?p=71151","title":{"rendered":"Grupos armados violan acuerdo de zonas de distenci\u00f3n en Deraa y causan tres v\u00edctimas mortales"},"content":{"rendered":"<p><b><span lang=\"ES\">Deraa, SANA<\/span><\/b><\/p>\n<p><b><span lang=\"ES\">Tres personas perdieron la vida y otras cuatro resultaron heridas en la ciudad de Derra tras una nueva violaci\u00f3n cometida por los grupos armados al acuerdo de zonas de distenci\u00f3n.<\/span><\/b><\/p>\n<p><b><span lang=\"ES\">La reportera de SANA inform\u00f3 que grupos armados que mantienen posiciones en el barrio de al Nazihin y Deraa al Balad dispararon dos proyectiles contra el barrio de al Kashef, que \u00a0impactaron en la escuela al Mahatta al Ula y en la periferia de la escuela de al Shariaa, ocasionando tres v\u00edctimas mortales y cuatro heridos.<\/span><\/b><\/p>\n<p><b><span lang=\"ES\">Los grupos armados violaron en varias ocasiones el acuerdo alcanzado en mediados del pasado mes de julio para establecer una zona de distenci\u00f3n en la zona sure\u00f1a.<\/span><\/b><\/p>\n<p><b><span lang=\"ES\">Lynn A.\u00a0<\/span><\/b><\/p>\n","protected":false},"excerpt":{"rendered":"<p>Deraa, SANA Tres personas perdieron la vida y otras cuatro resultaron heridas en la ciudad de Derra tras una nueva violaci\u00f3n cometida por los grupos armados al acuerdo de zonas de distenci\u00f3n. La reportera de SANA inform\u00f3 que grupos armados que mantienen posiciones en el barrio de al Nazihin y Deraa al Balad dispararon dos &hellip;<\/p>\n","protected":false},"author":24,"featured_media":71152,"comment_status":"closed","ping_status":"closed","sticky":false,"template":"","format":"standard","meta":{"footnotes":""},"categories":[597,573,7541],"tags":[],"class_list":["post-71151","post","type-post","status-publish","format-standard","has-post-thumbnail","","category-cinta-de-noticias","category-la-realidad-de-los-acontecimientos-en-siria","category-ultimas-noticias"],"_links":{"self":[{"href":"https:\/\/archive.sana.sy\/es\/index.php?rest_route=\/wp\/v2\/posts\/71151"}],"collection":[{"href":"https:\/\/archive.sana.sy\/es\/index.php?rest_route=\/wp\/v2\/posts"}],"about":[{"href":"https:\/\/archive.sana.sy\/es\/index.php?rest_route=\/wp\/v2\/types\/post"}],"author":[{"embeddable":true,"href":"https:\/\/archive.sana.sy\/es\/index.php?rest_route=\/wp\/v2\/users\/24"}],"replies":[{"embeddable":true,"href":"https:\/\/archive.sana.sy\/es\/index.php?rest_route=%2Fwp%2Fv2%2Fcomments&post=71151"}],"version-history":[{"count":0,"href":"https:\/\/archive.sana.sy\/es\/index.php?rest_route=\/wp\/v2\/posts\/71151\/revisions"}],"wp:featuredmedia":[{"embeddable":true,"href":"https:\/\/archive.sana.sy\/es\/index.php?rest_route=\/wp\/v2\/media\/71152"}],"wp:attachment":[{"href":"https:\/\/archive.sana.sy\/es\/index.php?rest_route=%2Fwp%2Fv2%2Fmedia&parent=71151"}],"wp:term":[{"taxonomy":"category","embeddable":true,"href":"https:\/\/archive.sana.sy\/es\/index.php?rest_route=%2Fwp%2Fv2%2Fcategories&post=71151"},{"taxonomy":"post_tag","embeddable":true,"href":"https:\/\/archive.sana.sy\/es\/index.php?rest_route=%2Fwp%2Fv2%2Ftags&post=71151"}],"curies":[{"name":"wp","href":"https:\/\/api.w.org\/{rel}","templated":true}]}}