{"id":71155,"date":"2017-10-13T18:12:28","date_gmt":"2017-10-13T15:12:28","guid":{"rendered":"http:\/\/sana.sy\/es\/?p=71155"},"modified":"2017-10-13T18:36:33","modified_gmt":"2017-10-13T15:36:33","slug":"ministro-de-informacion-destaca-necesidad-de-la-cooperacion-con-iran-en-materia-mediatica-y-produccion-de-obras-de-television","status":"publish","type":"post","link":"https:\/\/archive.sana.sy\/es\/?p=71155","title":{"rendered":"Ministro de Informaci\u00f3n destaca necesidad de la cooperaci\u00f3n con Ir\u00e1n en materia medi\u00e1tica y producci\u00f3n de obras de televisi\u00f3n"},"content":{"rendered":"<p><strong>Damasco, SANA<\/strong><\/p>\n<p><strong>El ministro de Informaci\u00f3n sirio, Mohamad Ramez Turyman, destac\u00f3 la necesidad de promover la cooperaci\u00f3n conjunta con Ir\u00e1n en materia medi\u00e1tica, especialmente en \u00e1reas del apoyo t\u00e9cnico y la producci\u00f3n de telenovelas.<\/strong><\/p>\n<p><strong>Turyman hizo estas declaraciones durante una reuni\u00f3n sostenida este viernes con el presidente de la Organizaci\u00f3n para la Radiotelevisi\u00f3n de Ir\u00e1n, Abed al Ali Ali Askari.<\/strong><\/p>\n<p><strong>El ministro revel\u00f3 que Siria e Ir\u00e1n se pusieron de acuerdo sobre la producci\u00f3n de dos obras conjuntas que ser\u00e1n anunciadas pronto, as\u00ed como se\u00f1al\u00f3 que fueron planteados varios proyectos e ideas por adoptar en el futuro cuyo tema servir\u00e1 los intereses de ambos pa\u00edses y del eje de la resistencia frente al plan takfiri ideado contra la regi\u00f3n.<\/strong><\/p>\n<p><strong>Hizo hincapi\u00e9 en la importancia de que Ir\u00e1n respalde a la producci\u00f3n de las telenovelas sirias y sus productores, especialmente el Establecimiento para la Producci\u00f3n de Radio y Televisi\u00f3n, a la luz de la embestida sistematizada lanzada contra la drama siria y su producci\u00f3n durante la guerra terrorista.<\/strong><\/p>\n<p><strong>Aludi\u00f3 al inter\u00e9s que concede el gobierno sirio al Establecimiento para la producci\u00f3n de Radio y Televisi\u00f3n, al considerar que las obras de televisi\u00f3n son uno de los elementos principales que ayudan a la informaci\u00f3n siria a transmitir la realidad de lo que est\u00e1 ocurriendo en el pa\u00eds al mundo, adem\u00e1s de su papel influyente en hacer cara a la guerra librada contra Siria.<\/strong><\/p>\n<p><strong>A su vez, Askari manifest\u00f3 la plena disposici\u00f3n de su organizaci\u00f3n de cooperar con el Ministerio de Informaci\u00f3n de Siria, y realizar obras de televisi\u00f3n, cine y documentales de producci\u00f3n conjunta que gozan de alta calidad.<\/strong><\/p>\n<p><strong>Asimismo enfatiz\u00f3 que Siria lograr\u00e1 pronto la victoria definitiva \u00a0y reiter\u00f3 la plena disposici\u00f3n de Ir\u00e1n de participar en el proceso de reconstrucci\u00f3n.<\/strong><\/p>\n<p><b><span lang=\"ES\">Lynn A.\u00a0<\/span><\/b><\/p>\n","protected":false},"excerpt":{"rendered":"<p>Damasco, SANA El ministro de Informaci\u00f3n sirio, Mohamad Ramez Turyman, destac\u00f3 la necesidad de promover la cooperaci\u00f3n conjunta con Ir\u00e1n en materia medi\u00e1tica, especialmente en \u00e1reas del apoyo t\u00e9cnico y la producci\u00f3n de telenovelas. Turyman hizo estas declaraciones durante una reuni\u00f3n sostenida este viernes con el presidente de la Organizaci\u00f3n para la Radiotelevisi\u00f3n de Ir\u00e1n, &hellip;<\/p>\n","protected":false},"author":24,"featured_media":71156,"comment_status":"closed","ping_status":"closed","sticky":false,"template":"","format":"standard","meta":{"footnotes":""},"categories":[467,7541],"tags":[],"class_list":["post-71155","post","type-post","status-publish","format-standard","has-post-thumbnail","","category-siria-y-el-mundo","category-ultimas-noticias"],"_links":{"self":[{"href":"https:\/\/archive.sana.sy\/es\/index.php?rest_route=\/wp\/v2\/posts\/71155"}],"collection":[{"href":"https:\/\/archive.sana.sy\/es\/index.php?rest_route=\/wp\/v2\/posts"}],"about":[{"href":"https:\/\/archive.sana.sy\/es\/index.php?rest_route=\/wp\/v2\/types\/post"}],"author":[{"embeddable":true,"href":"https:\/\/archive.sana.sy\/es\/index.php?rest_route=\/wp\/v2\/users\/24"}],"replies":[{"embeddable":true,"href":"https:\/\/archive.sana.sy\/es\/index.php?rest_route=%2Fwp%2Fv2%2Fcomments&post=71155"}],"version-history":[{"count":0,"href":"https:\/\/archive.sana.sy\/es\/index.php?rest_route=\/wp\/v2\/posts\/71155\/revisions"}],"wp:featuredmedia":[{"embeddable":true,"href":"https:\/\/archive.sana.sy\/es\/index.php?rest_route=\/wp\/v2\/media\/71156"}],"wp:attachment":[{"href":"https:\/\/archive.sana.sy\/es\/index.php?rest_route=%2Fwp%2Fv2%2Fmedia&parent=71155"}],"wp:term":[{"taxonomy":"category","embeddable":true,"href":"https:\/\/archive.sana.sy\/es\/index.php?rest_route=%2Fwp%2Fv2%2Fcategories&post=71155"},{"taxonomy":"post_tag","embeddable":true,"href":"https:\/\/archive.sana.sy\/es\/index.php?rest_route=%2Fwp%2Fv2%2Ftags&post=71155"}],"curies":[{"name":"wp","href":"https:\/\/api.w.org\/{rel}","templated":true}]}}