{"id":71158,"date":"2017-10-13T18:35:19","date_gmt":"2017-10-13T15:35:19","guid":{"rendered":"http:\/\/sana.sy\/es\/?p=71158"},"modified":"2017-10-13T18:39:59","modified_gmt":"2017-10-13T15:39:59","slug":"una-delegacion-de-ong-europeas-se-solidariza-con-al-pueblo-sirio","status":"publish","type":"post","link":"https:\/\/archive.sana.sy\/es\/?p=71158","title":{"rendered":"Una delegaci\u00f3n de ONG europeas se solidariza con el pueblo sirio"},"content":{"rendered":"<p><b><span lang=\"ES\">Damasco, SANA<\/span><\/b><\/p>\n<p><b><span lang=\"ES\">La ministra de Asuntos Sociales, Rima al Qadiri se reuni\u00f3 este viernes con una delegaci\u00f3n de ONG europeas y abord\u00f3 con la misma las v\u00edas de apoyar los programas de trabajo de su ministerio.<\/span><\/b><\/p>\n<p><b><span lang=\"ES\">La reuni\u00f3n se centr\u00f3 en la posibilidad de que estas ONG europeas brinden apoyo a los programas de desarrollo para la capacitaci\u00f3n a las familias, las personas con discapacidades, los heridos del Ej\u00e9rcito sirio, y de la formaci\u00f3n y entrenamiento para ingresar a los individuos en el marcado de trabajo.<\/span><\/b><\/p>\n<p><b><span lang=\"ES\">Por su parte, los miembros de la delegaci\u00f3n manifestaron su disposici\u00f3n para ofrecer toda la ayuda necesaria, expresando que \u201cla resistencia de Siria al terrorismo es un orgullo para todos nosotros\u201d.<\/span><\/b><\/p>\n<p><b><span lang=\"ES\">En declaraciones a SANA tras la reuni\u00f3n, la ministra al Qadiri se\u00f1al\u00f3 que la visita de la delegaci\u00f3n europea va en\u00a0 el marco de conocer de cerca la realidad de lo que est\u00e1 ocurriendo en Siria y brindar apoyo al pueblo sirio frente a las injustas medidas unilaterales impuestas al mismo.<\/span><\/b><\/p>\n<p><b><span lang=\"ES\">Lynn A.\u00a0<\/span><\/b><\/p>\n","protected":false},"excerpt":{"rendered":"<p>Damasco, SANA La ministra de Asuntos Sociales, Rima al Qadiri se reuni\u00f3 este viernes con una delegaci\u00f3n de ONG europeas y abord\u00f3 con la misma las v\u00edas de apoyar los programas de trabajo de su ministerio. La reuni\u00f3n se centr\u00f3 en la posibilidad de que estas ONG europeas brinden apoyo a los programas de desarrollo &hellip;<\/p>\n","protected":false},"author":24,"featured_media":71159,"comment_status":"closed","ping_status":"closed","sticky":false,"template":"","format":"standard","meta":{"footnotes":""},"categories":[476,7541],"tags":[],"class_list":["post-71158","post","type-post","status-publish","format-standard","has-post-thumbnail","","category-locales","category-ultimas-noticias"],"_links":{"self":[{"href":"https:\/\/archive.sana.sy\/es\/index.php?rest_route=\/wp\/v2\/posts\/71158"}],"collection":[{"href":"https:\/\/archive.sana.sy\/es\/index.php?rest_route=\/wp\/v2\/posts"}],"about":[{"href":"https:\/\/archive.sana.sy\/es\/index.php?rest_route=\/wp\/v2\/types\/post"}],"author":[{"embeddable":true,"href":"https:\/\/archive.sana.sy\/es\/index.php?rest_route=\/wp\/v2\/users\/24"}],"replies":[{"embeddable":true,"href":"https:\/\/archive.sana.sy\/es\/index.php?rest_route=%2Fwp%2Fv2%2Fcomments&post=71158"}],"version-history":[{"count":0,"href":"https:\/\/archive.sana.sy\/es\/index.php?rest_route=\/wp\/v2\/posts\/71158\/revisions"}],"wp:featuredmedia":[{"embeddable":true,"href":"https:\/\/archive.sana.sy\/es\/index.php?rest_route=\/wp\/v2\/media\/71159"}],"wp:attachment":[{"href":"https:\/\/archive.sana.sy\/es\/index.php?rest_route=%2Fwp%2Fv2%2Fmedia&parent=71158"}],"wp:term":[{"taxonomy":"category","embeddable":true,"href":"https:\/\/archive.sana.sy\/es\/index.php?rest_route=%2Fwp%2Fv2%2Fcategories&post=71158"},{"taxonomy":"post_tag","embeddable":true,"href":"https:\/\/archive.sana.sy\/es\/index.php?rest_route=%2Fwp%2Fv2%2Ftags&post=71158"}],"curies":[{"name":"wp","href":"https:\/\/api.w.org\/{rel}","templated":true}]}}