{"id":71166,"date":"2017-10-14T14:15:26","date_gmt":"2017-10-14T11:15:26","guid":{"rendered":"http:\/\/www.sana.sy\/es\/?p=71166"},"modified":"2017-10-14T14:15:26","modified_gmt":"2017-10-14T11:15:26","slug":"el-ejercito-impone-un-cerco-contra-los-terroristas-de-daesh-en-deir-ezzor-y-toma-el-control-de-la-ciudad-de-al-mayadin","status":"publish","type":"post","link":"https:\/\/archive.sana.sy\/es\/?p=71166","title":{"rendered":"El Ej\u00e9rcito impone un cerco contra los terroristas de Daesh en Deir Ezzor y toma el control de la ciudad de al Mayadin"},"content":{"rendered":"<p>&nbsp;<\/p>\n<p><span style=\"color: #800000;\">Deir Ezzor-SANA<\/span><\/p>\n<p>Unidades del Ej\u00e9rcito terminaron de imponer un cerco contra los terroristas de Daesh en los barrios en los que despliegan en Dier Ezzor, tras tomar el control de nuevos puntos al este del \u00c9ufrates.<\/p>\n<p>El corresponsal de SANA inform\u00f3 que el Ej\u00e9rcito realiz\u00f3 operaciones precisas y exitosas contras los terroristas de Daesh al este del \u00c9ufrates, y tomaron el control de la localidad de al Huseinieh.<br \/>\nLas operaciones causaron la muerte y la herida de varios terroristas de Daesh y la destrucci\u00f3n de sus veh\u00edculos y posiciones fortificadas.<\/p>\n<p>En el eje de al Mayadin, unidades del Ej\u00e9rcito lograron nuevos avances despu\u00e9s de realizar operaciones especiales dentro de los barrios de la ciudad, y tomaron el control de la zona extendida entre el barrio de al Rashada hasta el barrio de al Yisr, as\u00ed como el barrio de al Masaken, y el puente de al Mayadin.<\/p>\n<p>La fuerza a\u00e9rea y artiller\u00eda dirigieron duros ataques que causaron la destrucci\u00f3n de escondites y l\u00edneas de suministro de Daesh en las ciudades del Mayadin, Muhassen, y las localidades de Mahkan, Buqrus Tahtani, al Huseinieh, al Alian, al Urdi, al Urfi, al Hweiqa, Albulil, al Sinaha, al Yinena, al Yiha, y otros barrios m\u00e1s.<\/p>\n<p>&nbsp;<\/p>\n<p><span style=\"color: #0000ff;\">Akram. S<\/span><\/p>\n","protected":false},"excerpt":{"rendered":"<p>&nbsp; Deir Ezzor-SANA Unidades del Ej\u00e9rcito terminaron de imponer un cerco contra los terroristas de Daesh en los barrios en los que despliegan en Dier Ezzor, tras tomar el control de nuevos puntos al este del \u00c9ufrates. El corresponsal de SANA inform\u00f3 que el Ej\u00e9rcito realiz\u00f3 operaciones precisas y exitosas contras los terroristas de Daesh &hellip;<\/p>\n","protected":false},"author":1,"featured_media":71167,"comment_status":"closed","ping_status":"closed","sticky":false,"template":"","format":"standard","meta":{"footnotes":""},"categories":[597,573,583,7541],"tags":[],"class_list":["post-71166","post","type-post","status-publish","format-standard","has-post-thumbnail","","category-cinta-de-noticias","category-la-realidad-de-los-acontecimientos-en-siria","category-slide","category-ultimas-noticias"],"_links":{"self":[{"href":"https:\/\/archive.sana.sy\/es\/index.php?rest_route=\/wp\/v2\/posts\/71166"}],"collection":[{"href":"https:\/\/archive.sana.sy\/es\/index.php?rest_route=\/wp\/v2\/posts"}],"about":[{"href":"https:\/\/archive.sana.sy\/es\/index.php?rest_route=\/wp\/v2\/types\/post"}],"author":[{"embeddable":true,"href":"https:\/\/archive.sana.sy\/es\/index.php?rest_route=\/wp\/v2\/users\/1"}],"replies":[{"embeddable":true,"href":"https:\/\/archive.sana.sy\/es\/index.php?rest_route=%2Fwp%2Fv2%2Fcomments&post=71166"}],"version-history":[{"count":0,"href":"https:\/\/archive.sana.sy\/es\/index.php?rest_route=\/wp\/v2\/posts\/71166\/revisions"}],"wp:featuredmedia":[{"embeddable":true,"href":"https:\/\/archive.sana.sy\/es\/index.php?rest_route=\/wp\/v2\/media\/71167"}],"wp:attachment":[{"href":"https:\/\/archive.sana.sy\/es\/index.php?rest_route=%2Fwp%2Fv2%2Fmedia&parent=71166"}],"wp:term":[{"taxonomy":"category","embeddable":true,"href":"https:\/\/archive.sana.sy\/es\/index.php?rest_route=%2Fwp%2Fv2%2Fcategories&post=71166"},{"taxonomy":"post_tag","embeddable":true,"href":"https:\/\/archive.sana.sy\/es\/index.php?rest_route=%2Fwp%2Fv2%2Ftags&post=71166"}],"curies":[{"name":"wp","href":"https:\/\/api.w.org\/{rel}","templated":true}]}}