{"id":7117,"date":"2014-08-15T19:06:21","date_gmt":"2014-08-15T16:06:21","guid":{"rendered":"http:\/\/www.sana.sy\/es\/?p=7117"},"modified":"2023-01-09T14:10:38","modified_gmt":"2023-01-09T12:10:38","slug":"subcomite-de-socorro-en-idleb-examina-la-realidad-de-la-labor-de-ayuda-humanitaria-en-la-provincia","status":"publish","type":"post","link":"https:\/\/archive.sana.sy\/es\/?p=7117","title":{"rendered":"Subcomit\u00e9 de Socorro en Idleb examina la realidad de la labor de ayuda humanitaria en la Provincia"},"content":{"rendered":"<p style=\"text-align: justify\"><span style=\"color: #800000\">Idleb, SANA<\/span><\/p>\n<p style=\"text-align: justify\">Los miembros del subcomit\u00e9 de Socorro en Idleb han examinado hoy la realidad de la labor de socorro y las v\u00edas de aumentar los programas de trabajo de la Comisi\u00f3n y las medidas adoptadas con el fin de prestar asistencia a los beneficiarios y para aumentar los servicios humanitarios prestados por la sucursal de la Media Luna Roja y las organizaciones de caridad en la Provincia.<\/p>\n<p style=\"text-align: justify\">El gobernador de la provincia de Idleb, Safwan Abu Saada, en base a las directrices del gobierno, se ha podido durante los \u00faltimos d\u00edas ofrecer una serie de convoyes que transportaban ayuda de salud, m\u00e9dica, mobiliaria y canastas de alimentos a las zonas de la campi\u00f1a norte\u00f1a y las ciudades Harim y Salquin.<\/p>\n<p style=\"text-align: justify\">Se\u00f1al\u00f3 que se est\u00e1 centrando actualmente en el desarrollo de la realidad de la educaci\u00f3n en los campamentos a trav\u00e9s de la creaci\u00f3n de centros educativos con el fin de mantener una generaci\u00f3n educada y consciente, donde fue asignada la Direcci\u00f3n de Educaci\u00f3n para llevar a cabo un estudio de las necesidades de las familias de educaci\u00f3n y ense\u00f1anza, as\u00ed como el seguimiento de la escolarizaci\u00f3n de los ni\u00f1os.<\/p>\n<p style=\"text-align: justify\">Asimismo, llam\u00f3 la atenci\u00f3n sobre la importancia de cuidar el saneamiento ambiental y la implementaci\u00f3n de campa\u00f1as de fumigaci\u00f3n preventiva por parte de la Direcci\u00f3n de Salud y la cooperaci\u00f3n con las unidades administrativas.<\/p>\n<p style=\"text-align: justify\">Los participantes revisaron el trabajo realizado durante el per\u00edodo pasado y los servicios prestados por los centros de alojamiento temporal.<\/p>\n<p style=\"text-align: justify\"><span style=\"color: #0000ff\">Ghifar Al.<\/span><\/p>\n","protected":false},"excerpt":{"rendered":"<p>Idleb, SANA Los miembros del subcomit\u00e9 de Socorro en Idleb han examinado hoy la realidad de la labor de socorro y las v\u00edas de aumentar los programas de trabajo de la Comisi\u00f3n y las medidas adoptadas con el fin de prestar asistencia a los beneficiarios y para aumentar los servicios humanitarios prestados por la sucursal &hellip;<\/p>\n","protected":false},"author":1,"featured_media":7118,"comment_status":"closed","ping_status":"closed","sticky":false,"template":"","format":"standard","meta":{"footnotes":""},"categories":[597,476],"tags":[1629],"class_list":["post-7117","post","type-post","status-publish","format-standard","has-post-thumbnail","","category-cinta-de-noticias","category-locales","tag-subcomite-de-socorro-en-idleb-examina-la-realidad-de-la-labor-de-ayuda-humanitaria-en-la-provincia"],"_links":{"self":[{"href":"https:\/\/archive.sana.sy\/es\/index.php?rest_route=\/wp\/v2\/posts\/7117"}],"collection":[{"href":"https:\/\/archive.sana.sy\/es\/index.php?rest_route=\/wp\/v2\/posts"}],"about":[{"href":"https:\/\/archive.sana.sy\/es\/index.php?rest_route=\/wp\/v2\/types\/post"}],"author":[{"embeddable":true,"href":"https:\/\/archive.sana.sy\/es\/index.php?rest_route=\/wp\/v2\/users\/1"}],"replies":[{"embeddable":true,"href":"https:\/\/archive.sana.sy\/es\/index.php?rest_route=%2Fwp%2Fv2%2Fcomments&post=7117"}],"version-history":[{"count":0,"href":"https:\/\/archive.sana.sy\/es\/index.php?rest_route=\/wp\/v2\/posts\/7117\/revisions"}],"wp:featuredmedia":[{"embeddable":true,"href":"https:\/\/archive.sana.sy\/es\/index.php?rest_route=\/wp\/v2\/media\/7118"}],"wp:attachment":[{"href":"https:\/\/archive.sana.sy\/es\/index.php?rest_route=%2Fwp%2Fv2%2Fmedia&parent=7117"}],"wp:term":[{"taxonomy":"category","embeddable":true,"href":"https:\/\/archive.sana.sy\/es\/index.php?rest_route=%2Fwp%2Fv2%2Fcategories&post=7117"},{"taxonomy":"post_tag","embeddable":true,"href":"https:\/\/archive.sana.sy\/es\/index.php?rest_route=%2Fwp%2Fv2%2Ftags&post=7117"}],"curies":[{"name":"wp","href":"https:\/\/api.w.org\/{rel}","templated":true}]}}