{"id":71172,"date":"2017-10-14T14:47:34","date_gmt":"2017-10-14T11:47:34","guid":{"rendered":"http:\/\/www.sana.sy\/es\/?p=71172"},"modified":"2017-10-14T18:00:07","modified_gmt":"2017-10-14T15:00:07","slug":"siria-participa-en-el-137-periodo-de-la-asamblea-general-de-la-union-interparlamentaria-en-san-petersburgo","status":"publish","type":"post","link":"https:\/\/archive.sana.sy\/es\/?p=71172","title":{"rendered":"Siria participa en el 137 periodo de la Asamblea General de la Uni\u00f3n Interparlamentaria en San Petersburgo"},"content":{"rendered":"<p>&nbsp;<\/p>\n<p><span style=\"color: #800000;\">San Petersburgo-SANA<\/span><\/p>\n<p>Esta tarde se inician las labores del periodo 137 de la Asamblea General de la Uni\u00f3n Interparlamentaria en la ciudad de San Petersburgo en Rusia, con la participaci\u00f3n de la delegaci\u00f3n siria presidida por el presidente el parlamento Hammuda Sabbag.<\/p>\n<p>La agenda de trabajo de la Asamblea que durar\u00e1 hasta el d\u00eda 18 de este mes incluir\u00e1 el debate de temas clasificados bajo el t\u00edtulo de \u201cfortalecer la multiculturalidad y la paz a trav\u00e9s del di\u00e1logo entre las religiones y las etnias\u201d.<\/p>\n<p>Los participantes abordar\u00e1n la colaboraci\u00f3n con la ONU y con los informes de los Comit\u00e9s Permanentes especializados en garantizar la paz y la seguridad internacional, y elegir un presidente de la Uni\u00f3n Interparlamentaria \u00a0para los pr\u00f3ximos tres a\u00f1os.<\/p>\n<p>Sabbag afirm\u00f3 anteriormente que la participaci\u00f3n de la delegaci\u00f3n del Parlamento sirio en las reuniones de la Asamblea General de la Uni\u00f3n Interparlamentaria adquiere una importancia especial para transmitir la realidad de los acontecimientos en Siria.<\/p>\n<p>&nbsp;<\/p>\n<p>&nbsp;<\/p>\n<p><span style=\"color: #0000ff;\">Akram. S<\/span><\/p>\n","protected":false},"excerpt":{"rendered":"<p>&nbsp; San Petersburgo-SANA Esta tarde se inician las labores del periodo 137 de la Asamblea General de la Uni\u00f3n Interparlamentaria en la ciudad de San Petersburgo en Rusia, con la participaci\u00f3n de la delegaci\u00f3n siria presidida por el presidente el parlamento Hammuda Sabbag. La agenda de trabajo de la Asamblea que durar\u00e1 hasta el d\u00eda &hellip;<\/p>\n","protected":false},"author":1,"featured_media":71173,"comment_status":"closed","ping_status":"closed","sticky":false,"template":"","format":"standard","meta":{"footnotes":""},"categories":[597,467,583,7541],"tags":[],"class_list":["post-71172","post","type-post","status-publish","format-standard","has-post-thumbnail","","category-cinta-de-noticias","category-siria-y-el-mundo","category-slide","category-ultimas-noticias"],"_links":{"self":[{"href":"https:\/\/archive.sana.sy\/es\/index.php?rest_route=\/wp\/v2\/posts\/71172"}],"collection":[{"href":"https:\/\/archive.sana.sy\/es\/index.php?rest_route=\/wp\/v2\/posts"}],"about":[{"href":"https:\/\/archive.sana.sy\/es\/index.php?rest_route=\/wp\/v2\/types\/post"}],"author":[{"embeddable":true,"href":"https:\/\/archive.sana.sy\/es\/index.php?rest_route=\/wp\/v2\/users\/1"}],"replies":[{"embeddable":true,"href":"https:\/\/archive.sana.sy\/es\/index.php?rest_route=%2Fwp%2Fv2%2Fcomments&post=71172"}],"version-history":[{"count":0,"href":"https:\/\/archive.sana.sy\/es\/index.php?rest_route=\/wp\/v2\/posts\/71172\/revisions"}],"wp:featuredmedia":[{"embeddable":true,"href":"https:\/\/archive.sana.sy\/es\/index.php?rest_route=\/wp\/v2\/media\/71173"}],"wp:attachment":[{"href":"https:\/\/archive.sana.sy\/es\/index.php?rest_route=%2Fwp%2Fv2%2Fmedia&parent=71172"}],"wp:term":[{"taxonomy":"category","embeddable":true,"href":"https:\/\/archive.sana.sy\/es\/index.php?rest_route=%2Fwp%2Fv2%2Fcategories&post=71172"},{"taxonomy":"post_tag","embeddable":true,"href":"https:\/\/archive.sana.sy\/es\/index.php?rest_route=%2Fwp%2Fv2%2Ftags&post=71172"}],"curies":[{"name":"wp","href":"https:\/\/api.w.org\/{rel}","templated":true}]}}