{"id":71275,"date":"2017-10-16T20:38:46","date_gmt":"2017-10-16T17:38:46","guid":{"rendered":"http:\/\/www.sana.sy\/es\/?p=71275"},"modified":"2017-10-16T20:38:46","modified_gmt":"2017-10-16T17:38:46","slug":"khamis-el-gobierno-presenta-todas-las-facilidades-para-la-industria-farmaceutica","status":"publish","type":"post","link":"https:\/\/archive.sana.sy\/es\/?p=71275","title":{"rendered":"Khamis: el gobierno presenta todas las facilidades para la industria farmac\u00e9utica"},"content":{"rendered":"<p><span style=\"color: #800000;\">Damasco-SANA<\/span><\/p>\n<p>El primer ministro, Imad Khamis, se reuni\u00f3 con el presidente y miembros de la Oficina Ejecutiva de la Federaci\u00f3n de Farmac\u00e9uticos \u00c1rabes, presidida por Muhai Eddin Obeid, y debatieron varios asuntos relacionados con mejorar la realidad de la industria farmac\u00e9utica y apoyarla, la posibilidad de fabricar nuevos medicamentos cualitativos, adem\u00e1s de la necesidad de fortalecer la colaboraci\u00f3n entre las organizaciones \u00e1rabes relacionadas con el medicamento.<\/p>\n<p>Khamis \u00a0aludi\u00f3 a la importancia de desarrollar las relaciones de colaboraci\u00f3n entre las instituciones sirias pertinentes y la Federaci\u00f3n de Farmac\u00e9uticos \u00c1rabes, y elaborar una base verdadera sobre la que se puede ofrecer el apoyo necesario a las industrias farmac\u00e9uticas y transmitir todo tipo de t\u00e9cnicas.<\/p>\n<p>El primer ministro aclar\u00f3 que el inicio de las labores del 108 periodo de la Secretaria General de la Federaci\u00f3n de Farmac\u00e9uticos \u00c1rabes en Damasco es una prueba de que Siria empez\u00f3 a recuperarse en todos los \u00e1mbitos econ\u00f3micos, y el gobierno presta todas las facilidades administrativas, financieras y de infraestructura para que esta industria se arranque de nuevo.<\/p>\n<p>Por su parte, los miembros de la delegaci\u00f3n manifestaron su aprecio a los esfuerzos del gobierno sirio para mejorar la realidad de esta industria, subrayando la calidad del medicamento sirio que logr\u00f3 una gran difusi\u00f3n a nivel regional e internacional durante la preguerra terrorista contra Siria.<\/p>\n<p>&nbsp;<\/p>\n<p>&nbsp;<\/p>\n<p><span style=\"color: #0000ff;\">Akram. S<\/span><\/p>\n","protected":false},"excerpt":{"rendered":"<p>Damasco-SANA El primer ministro, Imad Khamis, se reuni\u00f3 con el presidente y miembros de la Oficina Ejecutiva de la Federaci\u00f3n de Farmac\u00e9uticos \u00c1rabes, presidida por Muhai Eddin Obeid, y debatieron varios asuntos relacionados con mejorar la realidad de la industria farmac\u00e9utica y apoyarla, la posibilidad de fabricar nuevos medicamentos cualitativos, adem\u00e1s de la necesidad de &hellip;<\/p>\n","protected":false},"author":1,"featured_media":71276,"comment_status":"closed","ping_status":"closed","sticky":false,"template":"","format":"standard","meta":{"footnotes":""},"categories":[597,476,7541],"tags":[],"class_list":["post-71275","post","type-post","status-publish","format-standard","has-post-thumbnail","","category-cinta-de-noticias","category-locales","category-ultimas-noticias"],"_links":{"self":[{"href":"https:\/\/archive.sana.sy\/es\/index.php?rest_route=\/wp\/v2\/posts\/71275"}],"collection":[{"href":"https:\/\/archive.sana.sy\/es\/index.php?rest_route=\/wp\/v2\/posts"}],"about":[{"href":"https:\/\/archive.sana.sy\/es\/index.php?rest_route=\/wp\/v2\/types\/post"}],"author":[{"embeddable":true,"href":"https:\/\/archive.sana.sy\/es\/index.php?rest_route=\/wp\/v2\/users\/1"}],"replies":[{"embeddable":true,"href":"https:\/\/archive.sana.sy\/es\/index.php?rest_route=%2Fwp%2Fv2%2Fcomments&post=71275"}],"version-history":[{"count":0,"href":"https:\/\/archive.sana.sy\/es\/index.php?rest_route=\/wp\/v2\/posts\/71275\/revisions"}],"wp:featuredmedia":[{"embeddable":true,"href":"https:\/\/archive.sana.sy\/es\/index.php?rest_route=\/wp\/v2\/media\/71276"}],"wp:attachment":[{"href":"https:\/\/archive.sana.sy\/es\/index.php?rest_route=%2Fwp%2Fv2%2Fmedia&parent=71275"}],"wp:term":[{"taxonomy":"category","embeddable":true,"href":"https:\/\/archive.sana.sy\/es\/index.php?rest_route=%2Fwp%2Fv2%2Fcategories&post=71275"},{"taxonomy":"post_tag","embeddable":true,"href":"https:\/\/archive.sana.sy\/es\/index.php?rest_route=%2Fwp%2Fv2%2Ftags&post=71275"}],"curies":[{"name":"wp","href":"https:\/\/api.w.org\/{rel}","templated":true}]}}