{"id":71310,"date":"2017-10-17T15:45:03","date_gmt":"2017-10-17T12:45:03","guid":{"rendered":"http:\/\/www.sana.sy\/es\/?p=71310"},"modified":"2017-10-17T19:14:01","modified_gmt":"2017-10-17T16:14:01","slug":"ministerio-de-salud-envia-siete-toneladas-de-medicamentos-y-dos-ambulancias-a-la-ciudad-de-deir-ezzor","status":"publish","type":"post","link":"https:\/\/archive.sana.sy\/es\/?p=71310","title":{"rendered":"Ministerio de Salud env\u00eda siete toneladas de medicamentos y dos ambulancias a la ciudad de Deir Ezzor"},"content":{"rendered":"<p><span style=\"color: #800000\">Deir Ezzor, SANA<\/span><\/p>\n<p>La ciudad de Deir Ezzor recibi\u00f3 hoy el martes dos ambulancias y siete toneladas de medicamentos ofrecidos por el Ministerio de Salud.<\/p>\n<p>El director de Salud de la provincia nororiental, Abed al Nayem Al-Obaid, se\u00f1al\u00f3 que este paso va en el marco de los esfuerzos desempe\u00f1ados por el Ministerio de Salud para mejorar la situaci\u00f3n sanitaria en la provincia, y agreg\u00f3 que el n\u00famero de las ambulancias que llegaron a la ciudad despu\u00e9s de romper el asedio terrorista impuesto a la misma ha llegado a cuatro, incluidas las ambulancias recibidas este martes.<\/p>\n<p>En este marco, el Ministro de Salud, Nizar Yazayi, se\u00f1al\u00f3 que se env\u00edan pronto ingenieros y t\u00e9cnicos para reponer en servicio a los equipos m\u00e9dicos parados, suministrar nuevos equipamientos, y rehabilitar los dos pisos da\u00f1ados del hospital de al-Assad, as\u00ed como ser\u00e1 emitida una resoluci\u00f3n que estipula el regreso de los cuerpos m\u00e9dicos a Deir Ezzor a partir del inicio del pr\u00f3ximo mes.<\/p>\n<p>&nbsp;<\/p>\n<p>Lynn A.<\/p>\n","protected":false},"excerpt":{"rendered":"<p>Deir Ezzor, SANA La ciudad de Deir Ezzor recibi\u00f3 hoy el martes dos ambulancias y siete toneladas de medicamentos ofrecidos por el Ministerio de Salud. El director de Salud de la provincia nororiental, Abed al Nayem Al-Obaid, se\u00f1al\u00f3 que este paso va en el marco de los esfuerzos desempe\u00f1ados por el Ministerio de Salud para &hellip;<\/p>\n","protected":false},"author":24,"featured_media":71311,"comment_status":"closed","ping_status":"closed","sticky":false,"template":"","format":"standard","meta":{"footnotes":""},"categories":[597,476,7541],"tags":[],"class_list":["post-71310","post","type-post","status-publish","format-standard","has-post-thumbnail","","category-cinta-de-noticias","category-locales","category-ultimas-noticias"],"_links":{"self":[{"href":"https:\/\/archive.sana.sy\/es\/index.php?rest_route=\/wp\/v2\/posts\/71310"}],"collection":[{"href":"https:\/\/archive.sana.sy\/es\/index.php?rest_route=\/wp\/v2\/posts"}],"about":[{"href":"https:\/\/archive.sana.sy\/es\/index.php?rest_route=\/wp\/v2\/types\/post"}],"author":[{"embeddable":true,"href":"https:\/\/archive.sana.sy\/es\/index.php?rest_route=\/wp\/v2\/users\/24"}],"replies":[{"embeddable":true,"href":"https:\/\/archive.sana.sy\/es\/index.php?rest_route=%2Fwp%2Fv2%2Fcomments&post=71310"}],"version-history":[{"count":0,"href":"https:\/\/archive.sana.sy\/es\/index.php?rest_route=\/wp\/v2\/posts\/71310\/revisions"}],"wp:featuredmedia":[{"embeddable":true,"href":"https:\/\/archive.sana.sy\/es\/index.php?rest_route=\/wp\/v2\/media\/71311"}],"wp:attachment":[{"href":"https:\/\/archive.sana.sy\/es\/index.php?rest_route=%2Fwp%2Fv2%2Fmedia&parent=71310"}],"wp:term":[{"taxonomy":"category","embeddable":true,"href":"https:\/\/archive.sana.sy\/es\/index.php?rest_route=%2Fwp%2Fv2%2Fcategories&post=71310"},{"taxonomy":"post_tag","embeddable":true,"href":"https:\/\/archive.sana.sy\/es\/index.php?rest_route=%2Fwp%2Fv2%2Ftags&post=71310"}],"curies":[{"name":"wp","href":"https:\/\/api.w.org\/{rel}","templated":true}]}}