{"id":7139,"date":"2014-08-15T13:10:32","date_gmt":"2014-08-15T10:10:32","guid":{"rendered":"http:\/\/www.sana.sy\/es\/?p=7139"},"modified":"2023-01-10T15:17:34","modified_gmt":"2023-01-10T13:17:34","slug":"inaugurada-la-feria-syria-motex-con-la-participacion-de-mas-de-200-companias-sirias","status":"publish","type":"post","link":"https:\/\/archive.sana.sy\/es\/?p=7139","title":{"rendered":"Inaugurada la Feria (Syria-Motex) con la participaci\u00f3n de m\u00e1s de 200 compa\u00f1\u00edas sirias"},"content":{"rendered":"<p>Beirut, SANA<\/p>\n<p>Con la participaci\u00f3n de m\u00e1s de 200 empresas sirias especializadas en la fabricaci\u00f3n y comercializaci\u00f3n de ropas, se inaugur\u00f3 en la capital libanesa Beirut, la 2\u00aa Edici\u00f3n de la Feria (Syria-Motex).<\/p>\n<p>El jefe de la Comisi\u00f3n de Desarrollo y Promoci\u00f3n de las Exportaciones, Ihab Samandar, dijo en una declaraci\u00f3n a la prensa durante la inauguraci\u00f3n de la exposici\u00f3n, que el n\u00famero de participantes ha cuadriplicado en comparaci\u00f3n con la edici\u00f3n anterior de la exposici\u00f3n, lo cual evidencia la recuperaci\u00f3n de la industria de Siria.<\/p>\n<p>Asimismo, se\u00f1al\u00f3 que la exposici\u00f3n constituye una oportunidad para que los participantes se comuniquen con sus clientes en muchos pa\u00edses, adem\u00e1s de abrir nuevos mercados ante la industria textil siria.<\/p>\n<p>Por su parte, el presidente de la Federaci\u00f3n de Exportadores Sirios, Mohammed al-Sawah, indic\u00f3 que la Federaci\u00f3n ofrece facilidades para los exportadores a trav\u00e9s del apoyo log\u00edstico y financiero a este tipo de exposiciones.<\/p>\n<p>La exposici\u00f3n, que estar\u00e1 abierta hasta el 18 de este mes, es organizada por la Comisi\u00f3n de Desarrollo y Promoci\u00f3n de las Exportaciones y la Federaci\u00f3n de Exportadores Sirios.<\/p>\n<p>&nbsp;<\/p>\n<p>Fady M., Lynn A.<\/p>\n","protected":false},"excerpt":{"rendered":"<p>Beirut, SANA Con la participaci\u00f3n de m\u00e1s de 200 empresas sirias especializadas en la fabricaci\u00f3n y comercializaci\u00f3n de ropas, se inaugur\u00f3 en la capital libanesa Beirut, la 2\u00aa Edici\u00f3n de la Feria (Syria-Motex). El jefe de la Comisi\u00f3n de Desarrollo y Promoci\u00f3n de las Exportaciones, Ihab Samandar, dijo en una declaraci\u00f3n a la prensa durante &hellip;<\/p>\n","protected":false},"author":24,"featured_media":7140,"comment_status":"closed","ping_status":"closed","sticky":false,"template":"","format":"standard","meta":{"footnotes":""},"categories":[485],"tags":[1635],"class_list":["post-7139","post","type-post","status-publish","format-standard","has-post-thumbnail","","category-informes-negocios-y-finanzas","tag-inaugurada-la-feria-syria-motex-con-la-participacion-de-mas-de-200-companias-sirias"],"_links":{"self":[{"href":"https:\/\/archive.sana.sy\/es\/index.php?rest_route=\/wp\/v2\/posts\/7139"}],"collection":[{"href":"https:\/\/archive.sana.sy\/es\/index.php?rest_route=\/wp\/v2\/posts"}],"about":[{"href":"https:\/\/archive.sana.sy\/es\/index.php?rest_route=\/wp\/v2\/types\/post"}],"author":[{"embeddable":true,"href":"https:\/\/archive.sana.sy\/es\/index.php?rest_route=\/wp\/v2\/users\/24"}],"replies":[{"embeddable":true,"href":"https:\/\/archive.sana.sy\/es\/index.php?rest_route=%2Fwp%2Fv2%2Fcomments&post=7139"}],"version-history":[{"count":0,"href":"https:\/\/archive.sana.sy\/es\/index.php?rest_route=\/wp\/v2\/posts\/7139\/revisions"}],"wp:featuredmedia":[{"embeddable":true,"href":"https:\/\/archive.sana.sy\/es\/index.php?rest_route=\/wp\/v2\/media\/7140"}],"wp:attachment":[{"href":"https:\/\/archive.sana.sy\/es\/index.php?rest_route=%2Fwp%2Fv2%2Fmedia&parent=7139"}],"wp:term":[{"taxonomy":"category","embeddable":true,"href":"https:\/\/archive.sana.sy\/es\/index.php?rest_route=%2Fwp%2Fv2%2Fcategories&post=7139"},{"taxonomy":"post_tag","embeddable":true,"href":"https:\/\/archive.sana.sy\/es\/index.php?rest_route=%2Fwp%2Fv2%2Ftags&post=7139"}],"curies":[{"name":"wp","href":"https:\/\/api.w.org\/{rel}","templated":true}]}}