{"id":71390,"date":"2017-10-19T10:44:42","date_gmt":"2017-10-19T07:44:42","guid":{"rendered":"http:\/\/www.sana.sy\/es\/?p=71390"},"modified":"2017-10-19T10:44:42","modified_gmt":"2017-10-19T07:44:42","slug":"ministro-de-defensa-sirio-el-eje-de-la-resistencia-se-mantendra-unido-en-el-enfrentamiento-al-terrorismo","status":"publish","type":"post","link":"https:\/\/archive.sana.sy\/es\/?p=71390","title":{"rendered":"Ministro de Defensa sirio: el Eje de la Resistencia se mantendr\u00e1 unido en el enfrentamiento al terrorismo"},"content":{"rendered":"<p><span style=\"color: #800000;\">Damasco, SANA<\/span><\/p>\n<p>El teniente general Fahed Jassem Freij, ministro de Defensa y subcomandante del Ej\u00e9rcito y las Fuerzas Armadas, se reuni\u00f3 en la capital Damasco, con el mayor general Mohammad Bagheri, jefe del Estado Mayor del Ej\u00e9rcito iran\u00ed.<\/p>\n<p>Asistieron a la reuni\u00f3n los miembros de la delegaci\u00f3n que acompa\u00f1a a Bagheri y altos oficiales del Comando General del Ej\u00e9rcito y las Fuerzas Armadas de Siria.<\/p>\n<p>El teniente general Freij asegur\u00f3 durante el encuentro, que &#8220;la agresi\u00f3n sionista y estadounidense contra Siria busca derrocar al Estado sirio, pero esa agresi\u00f3n fracas\u00f3 gracias a la sabia y valiente direcci\u00f3n del presidente Bashar al-Assad, la firmeza del Ej\u00e9rcito sirio y la unidad del pueblo, y tambi\u00e9n gracias al apoyo de los amigos en la Rep\u00fablica Isl\u00e1mica de Ir\u00e1n, en Rusia y la resistencia&#8221;.<\/p>\n<p>El Ministro de Defensa expres\u00f3 su orgullo por la cooperaci\u00f3n estrat\u00e9gica entre Siria e Ir\u00e1n, y se\u00f1al\u00f3 que esa cooperaci\u00f3n condujo a grandes victorias contra el terrorismo.<\/p>\n<p>&#8220;Vamos a seguir en el Eje de la Resistencia unidos en el enfrentamiento al terrorismo y a los diversos retos&#8221;, dijo Freij.<\/p>\n<p>Por otro lado, denunci\u00f3 que &#8220;Turqu\u00eda es uno de pa\u00edses que m\u00e1s apoyan al terrorismo, y el r\u00e9gimen turco abri\u00f3 la frontera para los terroristas y facilit\u00f3 el financiamiento al terrorismo procedentes del Golfo, adem\u00e1s de tratar dar el nombre de &#8220;oposici\u00f3n moderada&#8221; al grupo terrorista &#8220;Frente Al-Nousra&#8221; con el fin de completar los planes de agresi\u00f3n contra Siria&#8221;.<\/p>\n<p>Por su parte, el Mayor General Bagheri elogi\u00f3 las victorias alcanzados por el Ej\u00e9rcito \u00c1rabe Sirio, con el apoyo de los aliados, e indic\u00f3 que el Daesh y Al Nousra, entre otras organizaciones terroristas, son herramientas para implementar un plan sionista estadounidense encaminado a debilitar la regi\u00f3n y dividirla.<\/p>\n<p>El alto mando iran\u00ed reafirm\u00f3 que Ir\u00e1n est\u00e1 con la unidad y la soberan\u00eda del territorio sirio, y est\u00e1 dispuesto a apoyar a Damasco en la fase de reconstrucci\u00f3n.<\/p>\n<p><span style=\"color: #0000ff;\">F. Marouf\/ Dr. A. Shaban<\/span><\/p>\n","protected":false},"excerpt":{"rendered":"<p>Damasco, SANA El teniente general Fahed Jassem Freij, ministro de Defensa y subcomandante del Ej\u00e9rcito y las Fuerzas Armadas, se reuni\u00f3 en la capital Damasco, con el mayor general Mohammad Bagheri, jefe del Estado Mayor del Ej\u00e9rcito iran\u00ed. Asistieron a la reuni\u00f3n los miembros de la delegaci\u00f3n que acompa\u00f1a a Bagheri y altos oficiales del &hellip;<\/p>\n","protected":false},"author":1,"featured_media":71391,"comment_status":"closed","ping_status":"closed","sticky":false,"template":"","format":"standard","meta":{"footnotes":""},"categories":[597,456,573,457,583,7541],"tags":[10940],"class_list":["post-71390","post","type-post","status-publish","format-standard","has-post-thumbnail","","category-cinta-de-noticias","category-arabe-internacional-politica","category-la-realidad-de-los-acontecimientos-en-siria","category-noticias-arabe-internacional-politica","category-slide","category-ultimas-noticias","tag-ministro-de-defensa-sirio-el-eje-de-la-resistencia-se-mantendra-unido-en-el-enfrentamiento-al-terrorismo"],"_links":{"self":[{"href":"https:\/\/archive.sana.sy\/es\/index.php?rest_route=\/wp\/v2\/posts\/71390"}],"collection":[{"href":"https:\/\/archive.sana.sy\/es\/index.php?rest_route=\/wp\/v2\/posts"}],"about":[{"href":"https:\/\/archive.sana.sy\/es\/index.php?rest_route=\/wp\/v2\/types\/post"}],"author":[{"embeddable":true,"href":"https:\/\/archive.sana.sy\/es\/index.php?rest_route=\/wp\/v2\/users\/1"}],"replies":[{"embeddable":true,"href":"https:\/\/archive.sana.sy\/es\/index.php?rest_route=%2Fwp%2Fv2%2Fcomments&post=71390"}],"version-history":[{"count":0,"href":"https:\/\/archive.sana.sy\/es\/index.php?rest_route=\/wp\/v2\/posts\/71390\/revisions"}],"wp:featuredmedia":[{"embeddable":true,"href":"https:\/\/archive.sana.sy\/es\/index.php?rest_route=\/wp\/v2\/media\/71391"}],"wp:attachment":[{"href":"https:\/\/archive.sana.sy\/es\/index.php?rest_route=%2Fwp%2Fv2%2Fmedia&parent=71390"}],"wp:term":[{"taxonomy":"category","embeddable":true,"href":"https:\/\/archive.sana.sy\/es\/index.php?rest_route=%2Fwp%2Fv2%2Fcategories&post=71390"},{"taxonomy":"post_tag","embeddable":true,"href":"https:\/\/archive.sana.sy\/es\/index.php?rest_route=%2Fwp%2Fv2%2Ftags&post=71390"}],"curies":[{"name":"wp","href":"https:\/\/api.w.org\/{rel}","templated":true}]}}