{"id":71393,"date":"2017-10-19T10:56:43","date_gmt":"2017-10-19T07:56:43","guid":{"rendered":"http:\/\/www.sana.sy\/es\/?p=71393"},"modified":"2017-10-19T10:56:43","modified_gmt":"2017-10-19T07:56:43","slug":"septima-ronda-de-conversaciones-de-astana-se-celebrara-los-dias-30-y-31-de-octubre","status":"publish","type":"post","link":"https:\/\/archive.sana.sy\/es\/?p=71393","title":{"rendered":"S\u00e9ptima ronda de conversaciones de Astan\u00e1 se celebrar\u00e1 los d\u00edas 30 y 31 de octubre"},"content":{"rendered":"<p><span style=\"color: #800000;\">Mosc\u00fa, SANA<\/span><\/p>\n<p>El Ministerio de Exteriores de Kazajist\u00e1n anunci\u00f3 que la s\u00e9ptima ronda de conversaciones sobre Siria en Astan\u00e1 tendr\u00e1 lugar los d\u00edas 30 y 31 del mes en curso.<\/p>\n<p>Una nota de prensa de la canciller\u00eda kazaja inform\u00f3 que &#8220;por acuerdo entre los pa\u00edses garantes, la s\u00e9ptima reuni\u00f3n sobre Siria en el marco del proceso de Astan\u00e1 se celebrar\u00e1 el 30 y el 31 del actual mes de octubre&#8221;.<\/p>\n<p>En esta ronda de consultas se espera la aprobaci\u00f3n de un reglamento sobre el grupo de trabajo para la liberaci\u00f3n de presos y rehenes, la entrega de cuerpos de los ca\u00eddos y la b\u00fasqueda de desaparecidos.<\/p>\n<p>Tambi\u00e9n se planea adoptar una declaraci\u00f3n conjunta acerca de las operaciones de desminado en Siria.<\/p>\n<p><span style=\"color: #0000ff;\">F. Marouf\/ Dr. A. Shaban<\/span><\/p>\n","protected":false},"excerpt":{"rendered":"<p>Mosc\u00fa, SANA El Ministerio de Exteriores de Kazajist\u00e1n anunci\u00f3 que la s\u00e9ptima ronda de conversaciones sobre Siria en Astan\u00e1 tendr\u00e1 lugar los d\u00edas 30 y 31 del mes en curso. Una nota de prensa de la canciller\u00eda kazaja inform\u00f3 que &#8220;por acuerdo entre los pa\u00edses garantes, la s\u00e9ptima reuni\u00f3n sobre Siria en el marco del &hellip;<\/p>\n","protected":false},"author":1,"featured_media":71394,"comment_status":"closed","ping_status":"closed","sticky":false,"template":"","format":"standard","meta":{"footnotes":""},"categories":[597,456,573,457,7541],"tags":[10941],"class_list":["post-71393","post","type-post","status-publish","format-standard","has-post-thumbnail","","category-cinta-de-noticias","category-arabe-internacional-politica","category-la-realidad-de-los-acontecimientos-en-siria","category-noticias-arabe-internacional-politica","category-ultimas-noticias","tag-septima-ronda-de-conversaciones-de-astana-se-celebrara-los-dias-30-y-31-de-octubre"],"_links":{"self":[{"href":"https:\/\/archive.sana.sy\/es\/index.php?rest_route=\/wp\/v2\/posts\/71393"}],"collection":[{"href":"https:\/\/archive.sana.sy\/es\/index.php?rest_route=\/wp\/v2\/posts"}],"about":[{"href":"https:\/\/archive.sana.sy\/es\/index.php?rest_route=\/wp\/v2\/types\/post"}],"author":[{"embeddable":true,"href":"https:\/\/archive.sana.sy\/es\/index.php?rest_route=\/wp\/v2\/users\/1"}],"replies":[{"embeddable":true,"href":"https:\/\/archive.sana.sy\/es\/index.php?rest_route=%2Fwp%2Fv2%2Fcomments&post=71393"}],"version-history":[{"count":0,"href":"https:\/\/archive.sana.sy\/es\/index.php?rest_route=\/wp\/v2\/posts\/71393\/revisions"}],"wp:featuredmedia":[{"embeddable":true,"href":"https:\/\/archive.sana.sy\/es\/index.php?rest_route=\/wp\/v2\/media\/71394"}],"wp:attachment":[{"href":"https:\/\/archive.sana.sy\/es\/index.php?rest_route=%2Fwp%2Fv2%2Fmedia&parent=71393"}],"wp:term":[{"taxonomy":"category","embeddable":true,"href":"https:\/\/archive.sana.sy\/es\/index.php?rest_route=%2Fwp%2Fv2%2Fcategories&post=71393"},{"taxonomy":"post_tag","embeddable":true,"href":"https:\/\/archive.sana.sy\/es\/index.php?rest_route=%2Fwp%2Fv2%2Ftags&post=71393"}],"curies":[{"name":"wp","href":"https:\/\/api.w.org\/{rel}","templated":true}]}}