{"id":71418,"date":"2017-10-20T15:34:50","date_gmt":"2017-10-20T12:34:50","guid":{"rendered":"http:\/\/www.sana.sy\/es\/?p=71418"},"modified":"2017-10-20T15:34:50","modified_gmt":"2017-10-20T12:34:50","slug":"el-ministro-azzam-representa-al-presidente-al-assad-en-el-funeral-del-general-de-division-de-honor-essam-zahreddin-en-sweida","status":"publish","type":"post","link":"https:\/\/archive.sana.sy\/es\/?p=71418","title":{"rendered":"El ministro Azzam representa al presidente \u00a0al Assad en el funeral del General de Divisi\u00f3n de honor Essam Zahreddin en Sweida"},"content":{"rendered":"<p>&nbsp;<\/p>\n<p><span style=\"color: #800000;\">Sweida-SANA<\/span><\/p>\n<p>Con una participaci\u00f3n popular y oficial, se ha celebrado hoy en su provincia natal Sweida el funeral del General de Divisi\u00f3n de honor, Essam Zahreddin, que cay\u00f3 m\u00e1rtir cunado cumpl\u00eda su deber en la defensa de la patria en la provincia de Deir Ezzor.<\/p>\n<p>El ministro de Asuntos de Presidencia de la Rep\u00fablica, Mansour Azzam, represent\u00f3 al presidente Bashar al Assad en las ceremonias del funeral, donde dio el p\u00e9same a los sirios y a la familia del m\u00e1rtir Zahreddin.<\/p>\n<p>Las palabras pronunciadas durante la ceremonia subrayaron la grandeza de los valores de martirio y sacrificio en defender la patria, se\u00f1alando las haza\u00f1as del h\u00e9roe m\u00e1rtir y su liderazgo de varias operaciones militares contra los grupos terroristas.<\/p>\n<p>El General de Divisi\u00f3n de honor, Essam Zahreddin, cay\u00f3 m\u00e1rtir anteayer en la zona de Hweijat Sakr al este de Deir Ezzor.<\/p>\n<p><img loading=\"lazy\" decoding=\"async\" class=\"alignnone size-medium wp-image-71420\" src=\"http:\/\/www.sana.sy\/es\/wp-content\/uploads\/2017\/10\/6-126-300x168-300x168.jpg\" alt=\"\" width=\"300\" height=\"168\" srcset=\"https:\/\/archive.sana.sy\/es\/wp-content\/uploads\/2017\/10\/6-126-300x168.jpg 300w, https:\/\/archive.sana.sy\/es\/wp-content\/uploads\/2017\/10\/6-126-300x168-150x84.jpg 150w\" sizes=\"(max-width: 300px) 100vw, 300px\" \/><\/p>\n<p><img loading=\"lazy\" decoding=\"async\" class=\"alignnone size-medium wp-image-71421\" src=\"http:\/\/www.sana.sy\/es\/wp-content\/uploads\/2017\/10\/7-110-300x208-300x208.jpg\" alt=\"\" width=\"300\" height=\"208\" srcset=\"https:\/\/archive.sana.sy\/es\/wp-content\/uploads\/2017\/10\/7-110-300x208.jpg 300w, https:\/\/archive.sana.sy\/es\/wp-content\/uploads\/2017\/10\/7-110-300x208-150x104.jpg 150w, https:\/\/archive.sana.sy\/es\/wp-content\/uploads\/2017\/10\/7-110-300x208-110x75.jpg 110w\" sizes=\"(max-width: 300px) 100vw, 300px\" \/><\/p>\n<p>&nbsp;<\/p>\n<p><span style=\"color: #0000ff;\">Akram. S<\/span><\/p>\n","protected":false},"excerpt":{"rendered":"<p>&nbsp; Sweida-SANA Con una participaci\u00f3n popular y oficial, se ha celebrado hoy en su provincia natal Sweida el funeral del General de Divisi\u00f3n de honor, Essam Zahreddin, que cay\u00f3 m\u00e1rtir cunado cumpl\u00eda su deber en la defensa de la patria en la provincia de Deir Ezzor. El ministro de Asuntos de Presidencia de la Rep\u00fablica, &hellip;<\/p>\n","protected":false},"author":1,"featured_media":71419,"comment_status":"closed","ping_status":"closed","sticky":false,"template":"","format":"standard","meta":{"footnotes":""},"categories":[597,476,583,7541],"tags":[],"class_list":["post-71418","post","type-post","status-publish","format-standard","has-post-thumbnail","","category-cinta-de-noticias","category-locales","category-slide","category-ultimas-noticias"],"_links":{"self":[{"href":"https:\/\/archive.sana.sy\/es\/index.php?rest_route=\/wp\/v2\/posts\/71418"}],"collection":[{"href":"https:\/\/archive.sana.sy\/es\/index.php?rest_route=\/wp\/v2\/posts"}],"about":[{"href":"https:\/\/archive.sana.sy\/es\/index.php?rest_route=\/wp\/v2\/types\/post"}],"author":[{"embeddable":true,"href":"https:\/\/archive.sana.sy\/es\/index.php?rest_route=\/wp\/v2\/users\/1"}],"replies":[{"embeddable":true,"href":"https:\/\/archive.sana.sy\/es\/index.php?rest_route=%2Fwp%2Fv2%2Fcomments&post=71418"}],"version-history":[{"count":0,"href":"https:\/\/archive.sana.sy\/es\/index.php?rest_route=\/wp\/v2\/posts\/71418\/revisions"}],"wp:featuredmedia":[{"embeddable":true,"href":"https:\/\/archive.sana.sy\/es\/index.php?rest_route=\/wp\/v2\/media\/71419"}],"wp:attachment":[{"href":"https:\/\/archive.sana.sy\/es\/index.php?rest_route=%2Fwp%2Fv2%2Fmedia&parent=71418"}],"wp:term":[{"taxonomy":"category","embeddable":true,"href":"https:\/\/archive.sana.sy\/es\/index.php?rest_route=%2Fwp%2Fv2%2Fcategories&post=71418"},{"taxonomy":"post_tag","embeddable":true,"href":"https:\/\/archive.sana.sy\/es\/index.php?rest_route=%2Fwp%2Fv2%2Ftags&post=71418"}],"curies":[{"name":"wp","href":"https:\/\/api.w.org\/{rel}","templated":true}]}}