{"id":71423,"date":"2017-10-20T15:51:17","date_gmt":"2017-10-20T12:51:17","guid":{"rendered":"http:\/\/www.sana.sy\/es\/?p=71423"},"modified":"2017-10-20T15:51:17","modified_gmt":"2017-10-20T12:51:17","slug":"peskov-la-idea-de-celebrar-una-conferencia-nacional-para-los-componentes-de-la-sociedad-siria-ayudaria-a-la-estabilidad-en-siria","status":"publish","type":"post","link":"https:\/\/archive.sana.sy\/es\/?p=71423","title":{"rendered":"Peskov: la idea de celebrar una conferencia nacional para los componentes de la sociedad siria ayudar\u00eda a la estabilidad en Siria"},"content":{"rendered":"<p>&nbsp;<\/p>\n<p><span style=\"color: #800000;\">Mosc\u00fa-SANA<\/span><\/p>\n<p>El portavoz de la presidencia rusa, Dimitri Peskov, dijo que la idea de celebrar una conferencia nacional para los componentes de la sociedad siria ayudar\u00eda en calmar la situaci\u00f3n en Siria.<\/p>\n<p>Peskov se\u00f1al\u00f3 en declaraciones a los periodistas que el presidente ruso Vladimir Putin dijo que esta iniciativa est\u00e1 en debate ahora y bien apoyada por Rusia, y aplicarla en el futuro ayudar\u00eda a que el proceso de arreglo pol\u00edtico sea m\u00e1s duradero.<\/p>\n<p>&nbsp;<\/p>\n<p><span style=\"color: #0000ff;\">Akram. S<\/span><\/p>\n","protected":false},"excerpt":{"rendered":"<p>&nbsp; Mosc\u00fa-SANA El portavoz de la presidencia rusa, Dimitri Peskov, dijo que la idea de celebrar una conferencia nacional para los componentes de la sociedad siria ayudar\u00eda en calmar la situaci\u00f3n en Siria. Peskov se\u00f1al\u00f3 en declaraciones a los periodistas que el presidente ruso Vladimir Putin dijo que esta iniciativa est\u00e1 en debate ahora y &hellip;<\/p>\n","protected":false},"author":1,"featured_media":71424,"comment_status":"closed","ping_status":"closed","sticky":false,"template":"","format":"standard","meta":{"footnotes":""},"categories":[597,467,7541],"tags":[],"class_list":["post-71423","post","type-post","status-publish","format-standard","has-post-thumbnail","","category-cinta-de-noticias","category-siria-y-el-mundo","category-ultimas-noticias"],"_links":{"self":[{"href":"https:\/\/archive.sana.sy\/es\/index.php?rest_route=\/wp\/v2\/posts\/71423"}],"collection":[{"href":"https:\/\/archive.sana.sy\/es\/index.php?rest_route=\/wp\/v2\/posts"}],"about":[{"href":"https:\/\/archive.sana.sy\/es\/index.php?rest_route=\/wp\/v2\/types\/post"}],"author":[{"embeddable":true,"href":"https:\/\/archive.sana.sy\/es\/index.php?rest_route=\/wp\/v2\/users\/1"}],"replies":[{"embeddable":true,"href":"https:\/\/archive.sana.sy\/es\/index.php?rest_route=%2Fwp%2Fv2%2Fcomments&post=71423"}],"version-history":[{"count":0,"href":"https:\/\/archive.sana.sy\/es\/index.php?rest_route=\/wp\/v2\/posts\/71423\/revisions"}],"wp:featuredmedia":[{"embeddable":true,"href":"https:\/\/archive.sana.sy\/es\/index.php?rest_route=\/wp\/v2\/media\/71424"}],"wp:attachment":[{"href":"https:\/\/archive.sana.sy\/es\/index.php?rest_route=%2Fwp%2Fv2%2Fmedia&parent=71423"}],"wp:term":[{"taxonomy":"category","embeddable":true,"href":"https:\/\/archive.sana.sy\/es\/index.php?rest_route=%2Fwp%2Fv2%2Fcategories&post=71423"},{"taxonomy":"post_tag","embeddable":true,"href":"https:\/\/archive.sana.sy\/es\/index.php?rest_route=%2Fwp%2Fv2%2Ftags&post=71423"}],"curies":[{"name":"wp","href":"https:\/\/api.w.org\/{rel}","templated":true}]}}