{"id":71493,"date":"2017-10-22T18:42:33","date_gmt":"2017-10-22T15:42:33","guid":{"rendered":"http:\/\/www.sana.sy\/es\/?p=71493"},"modified":"2017-10-22T18:47:04","modified_gmt":"2017-10-22T15:47:04","slug":"siria-condecora-al-embajador-de-cuba","status":"publish","type":"post","link":"https:\/\/archive.sana.sy\/es\/?p=71493","title":{"rendered":"Siria condecora al Embajador de Cuba"},"content":{"rendered":"<p>Damasco-SANA<\/p>\n<p>EL Ministerio de Exteriores y Expatriados celebr\u00f3 hoy un acto de despedida para el Embajador de la Rep\u00fablica de Cuba en Damasco, Rogerio Santana, quien termin\u00f3 sus funciones como Embajador de Cuba en Siria.<\/p>\n<p>El asesor del ministro de exteriores y expatriados Ayman Sosan condecor\u00f3 al Embajador de Cuba con el Escuda del Ministerio de Exteriores y Expatriados en se\u00f1al de amistad y amor.<\/p>\n<p>Sosan dijo en una palabra pronunciado en esta ocasi\u00f3n, que el Embajador cubano era muy transparente y claro a la hora de mostrar su simpat\u00eda honesta con el sufrimiento de Siria como consecuencia del terrorismo que est\u00e1 sufriendo y su apoyo incondicional a las pol\u00edticas de Siria de cara a las fuerzas hegem\u00f3nicas.<\/p>\n<p>\u00a8Las actividades y ocasiones en Siria contaban siempre con la presencia del Embajador Santana, mientras sus esfuerzos y actividades contribuyeron al fortalecimiento de las relaciones entre ambos pa\u00edses en todos los \u00e1mbitos\u00a8, destac\u00f3 Sosan.<\/p>\n<p>El Embajador Santana por su parte, expres\u00f3 su gratitud a la cooperaci\u00f3n ofrecida por parte de Siria, para superar las dificultades que obstaculizaban sus funciones como Embajador de su pa\u00eds.<\/p>\n<p>\u00a8Llevo conmigo memorias lindas de la sociedad siria que fui adquiriendo durante mi estancia en Siria\u00a8, agreg\u00f3.<\/p>\n<p>El Embajador cubano se\u00f1al\u00f3 que \u00a8la victoria que Siria est\u00e1 logrando hoy sobre el imperialismo y el terrorismo es una victoria para la humanidad, en particular para los pa\u00edses que luchaban durante d\u00e9cadas contra las mismas fuerzas que hoy intentan destruir a Siria\u00a8.<\/p>\n<p>Y.K.<\/p>\n","protected":false},"excerpt":{"rendered":"<p>Damasco-SANA EL Ministerio de Exteriores y Expatriados celebr\u00f3 hoy un acto de despedida para el Embajador de la Rep\u00fablica de Cuba en Damasco, Rogerio Santana, quien termin\u00f3 sus funciones como Embajador de Cuba en Siria. El asesor del ministro de exteriores y expatriados Ayman Sosan condecor\u00f3 al Embajador de Cuba con el Escuda del Ministerio &hellip;<\/p>\n","protected":false},"author":1,"featured_media":71494,"comment_status":"closed","ping_status":"closed","sticky":false,"template":"","format":"standard","meta":{"footnotes":""},"categories":[477,476,583,7541],"tags":[],"class_list":["post-71493","post","type-post","status-publish","format-standard","has-post-thumbnail","","category-noticias-edulcorantes","category-locales","category-slide","category-ultimas-noticias"],"_links":{"self":[{"href":"https:\/\/archive.sana.sy\/es\/index.php?rest_route=\/wp\/v2\/posts\/71493"}],"collection":[{"href":"https:\/\/archive.sana.sy\/es\/index.php?rest_route=\/wp\/v2\/posts"}],"about":[{"href":"https:\/\/archive.sana.sy\/es\/index.php?rest_route=\/wp\/v2\/types\/post"}],"author":[{"embeddable":true,"href":"https:\/\/archive.sana.sy\/es\/index.php?rest_route=\/wp\/v2\/users\/1"}],"replies":[{"embeddable":true,"href":"https:\/\/archive.sana.sy\/es\/index.php?rest_route=%2Fwp%2Fv2%2Fcomments&post=71493"}],"version-history":[{"count":0,"href":"https:\/\/archive.sana.sy\/es\/index.php?rest_route=\/wp\/v2\/posts\/71493\/revisions"}],"wp:featuredmedia":[{"embeddable":true,"href":"https:\/\/archive.sana.sy\/es\/index.php?rest_route=\/wp\/v2\/media\/71494"}],"wp:attachment":[{"href":"https:\/\/archive.sana.sy\/es\/index.php?rest_route=%2Fwp%2Fv2%2Fmedia&parent=71493"}],"wp:term":[{"taxonomy":"category","embeddable":true,"href":"https:\/\/archive.sana.sy\/es\/index.php?rest_route=%2Fwp%2Fv2%2Fcategories&post=71493"},{"taxonomy":"post_tag","embeddable":true,"href":"https:\/\/archive.sana.sy\/es\/index.php?rest_route=%2Fwp%2Fv2%2Ftags&post=71493"}],"curies":[{"name":"wp","href":"https:\/\/api.w.org\/{rel}","templated":true}]}}