{"id":71509,"date":"2017-10-22T21:00:34","date_gmt":"2017-10-22T18:00:34","guid":{"rendered":"http:\/\/www.sana.sy\/es\/?p=71509"},"modified":"2017-10-22T21:00:34","modified_gmt":"2017-10-22T18:00:34","slug":"bajo-patrocinio-del-presidente-al-assad-un-nuevo-grupo-de-cadetes-se-gradua-de-la-academia-maritima","status":"publish","type":"post","link":"https:\/\/archive.sana.sy\/es\/?p=71509","title":{"rendered":"Bajo patrocinio del presidente al Assad, un nuevo grupo de cadetes se grad\u00faa de la Academia Mar\u00edtima"},"content":{"rendered":"<p><span style=\"color: #800000;\">Latakia-SANA<\/span><\/p>\n<p>Se ha celebrado hoy una ceremonia de graduaci\u00f3n de un nuevo grupo de cadetes de la Academia Mar\u00edtima bajo patrocinio del presidente Bashar al Assad, Comandante General de las Fuerzas Armadas.<\/p>\n<p>El jefe de las fuerzas mar\u00edtimas, el general representante del patrocinador de la ceremonia subray\u00f3 el gran papel asumido por las fuerzas mar\u00edtimas en la defensa de Siria, de sus costas y territorio mar\u00edtimo, y valor\u00f3 los sacrificios de las fuerzas mar\u00edtimas en la batalla del Ej\u00e9rcito sirio contra los grupos terroristas.<\/p>\n<p>El jefe de las fuerzas mar\u00edtimas exigi\u00f3 a los graduados asumir toda la responsabilidad, y comprometerse a las reglas de la disciplina militar y cumplir las tareas con toda precisi\u00f3n y perfecci\u00f3n.<\/p>\n<p>Por su parte, el director de la Academia Mar\u00edtima pronunci\u00f3 una palabra en la que elogi\u00f3 la importancia de los conocimientos adquiridos por los graduados, y la necesidad de continuar desarrollando las experiencias para que sean m\u00e1s eficaces en enfrentarse a los retos.<\/p>\n<p>&nbsp;<\/p>\n<p><span style=\"color: #0000ff;\">Akram. S<\/span><\/p>\n","protected":false},"excerpt":{"rendered":"<p>Latakia-SANA Se ha celebrado hoy una ceremonia de graduaci\u00f3n de un nuevo grupo de cadetes de la Academia Mar\u00edtima bajo patrocinio del presidente Bashar al Assad, Comandante General de las Fuerzas Armadas. El jefe de las fuerzas mar\u00edtimas, el general representante del patrocinador de la ceremonia subray\u00f3 el gran papel asumido por las fuerzas mar\u00edtimas &hellip;<\/p>\n","protected":false},"author":1,"featured_media":71510,"comment_status":"closed","ping_status":"closed","sticky":false,"template":"","format":"standard","meta":{"footnotes":""},"categories":[597,476,583,7541],"tags":[],"class_list":["post-71509","post","type-post","status-publish","format-standard","has-post-thumbnail","","category-cinta-de-noticias","category-locales","category-slide","category-ultimas-noticias"],"_links":{"self":[{"href":"https:\/\/archive.sana.sy\/es\/index.php?rest_route=\/wp\/v2\/posts\/71509"}],"collection":[{"href":"https:\/\/archive.sana.sy\/es\/index.php?rest_route=\/wp\/v2\/posts"}],"about":[{"href":"https:\/\/archive.sana.sy\/es\/index.php?rest_route=\/wp\/v2\/types\/post"}],"author":[{"embeddable":true,"href":"https:\/\/archive.sana.sy\/es\/index.php?rest_route=\/wp\/v2\/users\/1"}],"replies":[{"embeddable":true,"href":"https:\/\/archive.sana.sy\/es\/index.php?rest_route=%2Fwp%2Fv2%2Fcomments&post=71509"}],"version-history":[{"count":0,"href":"https:\/\/archive.sana.sy\/es\/index.php?rest_route=\/wp\/v2\/posts\/71509\/revisions"}],"wp:featuredmedia":[{"embeddable":true,"href":"https:\/\/archive.sana.sy\/es\/index.php?rest_route=\/wp\/v2\/media\/71510"}],"wp:attachment":[{"href":"https:\/\/archive.sana.sy\/es\/index.php?rest_route=%2Fwp%2Fv2%2Fmedia&parent=71509"}],"wp:term":[{"taxonomy":"category","embeddable":true,"href":"https:\/\/archive.sana.sy\/es\/index.php?rest_route=%2Fwp%2Fv2%2Fcategories&post=71509"},{"taxonomy":"post_tag","embeddable":true,"href":"https:\/\/archive.sana.sy\/es\/index.php?rest_route=%2Fwp%2Fv2%2Ftags&post=71509"}],"curies":[{"name":"wp","href":"https:\/\/api.w.org\/{rel}","templated":true}]}}