{"id":71512,"date":"2017-10-22T21:12:58","date_gmt":"2017-10-22T18:12:58","guid":{"rendered":"http:\/\/www.sana.sy\/es\/?p=71512"},"modified":"2017-10-22T21:12:58","modified_gmt":"2017-10-22T18:12:58","slug":"un-simposio-sindicalista-en-bruselas-exige-levantar-las-medidas-coercitivas-impuestas-contra-el-pueblo-sirio-de-inmediato","status":"publish","type":"post","link":"https:\/\/archive.sana.sy\/es\/?p=71512","title":{"rendered":"Un simposio sindicalista en Bruselas exige levantar las medidas coercitivas impuestas contra el pueblo sirio de inmediato"},"content":{"rendered":"<p>&nbsp;<\/p>\n<p><span style=\"color: #800000;\">Bruselas-SANA<\/span><\/p>\n<p>Los participantes en el simposio sindicalista celebrado en la sede del Parlamento Europeo en Bruselas afirmaron su rotunda condena a las medias econ\u00f3micas coercitivas unilaterales impuestas por EEUU y la UE contra Siria y su pueblo.<\/p>\n<p>El simposio fue celebrado durante los d\u00edas 19 y 20 de octubre bajo el t\u00edtulo \u201cuna postura com\u00fan entre todos los obreros contra el imperialismo, las guerra, y las intervenciones de los pa\u00edses de la Uni\u00f3n Europea y la OTAN, y la solidaridad con el pueblos sirio contra el terrorismo\u201d.<\/p>\n<p>Los asistentes se\u00f1alaron que ya tienen una visi\u00f3n m\u00e1s profunda despu\u00e9s de su visita a Damasco, subrayando que las sanciones impuestas por EEUU y los pa\u00edses reaccionarios afectan a cada ciudadano sirio que decidi\u00f3 quedarse en la patria.<\/p>\n<p>Los participantes exigieron al presidente del Parlamento Europeo trabajar con los pa\u00edses europeos para levantar las medidas coercitivas unilaterales impuestas contra el pueblo sirio de inmediato, porque contradicen la ley internacional y los derechos humanos aprobados por la Carta de Naciones Unidas.<\/p>\n<p>&nbsp;<\/p>\n<p><span style=\"color: #0000ff;\">Akram. S<\/span><\/p>\n","protected":false},"excerpt":{"rendered":"<p>&nbsp; Bruselas-SANA Los participantes en el simposio sindicalista celebrado en la sede del Parlamento Europeo en Bruselas afirmaron su rotunda condena a las medias econ\u00f3micas coercitivas unilaterales impuestas por EEUU y la UE contra Siria y su pueblo. El simposio fue celebrado durante los d\u00edas 19 y 20 de octubre bajo el t\u00edtulo \u201cuna postura &hellip;<\/p>\n","protected":false},"author":1,"featured_media":71513,"comment_status":"closed","ping_status":"closed","sticky":false,"template":"","format":"standard","meta":{"footnotes":""},"categories":[597,467,7541],"tags":[],"class_list":["post-71512","post","type-post","status-publish","format-standard","has-post-thumbnail","","category-cinta-de-noticias","category-siria-y-el-mundo","category-ultimas-noticias"],"_links":{"self":[{"href":"https:\/\/archive.sana.sy\/es\/index.php?rest_route=\/wp\/v2\/posts\/71512"}],"collection":[{"href":"https:\/\/archive.sana.sy\/es\/index.php?rest_route=\/wp\/v2\/posts"}],"about":[{"href":"https:\/\/archive.sana.sy\/es\/index.php?rest_route=\/wp\/v2\/types\/post"}],"author":[{"embeddable":true,"href":"https:\/\/archive.sana.sy\/es\/index.php?rest_route=\/wp\/v2\/users\/1"}],"replies":[{"embeddable":true,"href":"https:\/\/archive.sana.sy\/es\/index.php?rest_route=%2Fwp%2Fv2%2Fcomments&post=71512"}],"version-history":[{"count":0,"href":"https:\/\/archive.sana.sy\/es\/index.php?rest_route=\/wp\/v2\/posts\/71512\/revisions"}],"wp:featuredmedia":[{"embeddable":true,"href":"https:\/\/archive.sana.sy\/es\/index.php?rest_route=\/wp\/v2\/media\/71513"}],"wp:attachment":[{"href":"https:\/\/archive.sana.sy\/es\/index.php?rest_route=%2Fwp%2Fv2%2Fmedia&parent=71512"}],"wp:term":[{"taxonomy":"category","embeddable":true,"href":"https:\/\/archive.sana.sy\/es\/index.php?rest_route=%2Fwp%2Fv2%2Fcategories&post=71512"},{"taxonomy":"post_tag","embeddable":true,"href":"https:\/\/archive.sana.sy\/es\/index.php?rest_route=%2Fwp%2Fv2%2Ftags&post=71512"}],"curies":[{"name":"wp","href":"https:\/\/api.w.org\/{rel}","templated":true}]}}