{"id":71515,"date":"2017-10-23T11:43:31","date_gmt":"2017-10-23T08:43:31","guid":{"rendered":"http:\/\/www.sana.sy\/es\/?p=71515"},"modified":"2017-10-23T11:43:31","modified_gmt":"2017-10-23T08:43:31","slug":"abdulrahmanov-no-se-descarta-la-participacion-de-nuevas-delegaciones-en-la-septima-reunion-de-astana","status":"publish","type":"post","link":"https:\/\/archive.sana.sy\/es\/?p=71515","title":{"rendered":"Abdulrahmanov: No se descarta la participaci\u00f3n de nuevas delegaciones en la s\u00e9ptima reuni\u00f3n de Astan\u00e1"},"content":{"rendered":"<p><span style=\"color: #800000;\">Astan\u00e1, SANA<\/span><\/p>\n<p>El ministro de Exteriores de Kazajist\u00e1n, Khairat Abdulrahmanov, dijo que no se descarta la participaci\u00f3n de nuevas delegaciones en la s\u00e9ptima reuni\u00f3n de Astan\u00e1 prevista para finales de este mes.<\/p>\n<p>La agencia rusa Sputnik cit\u00f3 a Abdulrahmanov declarando a la prensa que &#8220;no se descarta la presencia de nuevos participantes en la s\u00e9ptima reuni\u00f3n de Astan\u00e1 sobre Siria y todo depende de la coordinaci\u00f3n entre los Estados garantes&#8221;, se\u00f1alando que se han enviado las invitaciones a los participantes en la pr\u00f3xima reuni\u00f3n.<\/p>\n<p>La Canciller\u00eda kazaja anunci\u00f3 la semana pasada que la 7ma reuni\u00f3n de Astan\u00e1 sobre Siria se realizar\u00e1 los d\u00edas 30 y 31 de este mes.<\/p>\n<p><span style=\"color: #0000ff;\">F. Marouf\/ Dr. A. Shaban<\/span><\/p>\n","protected":false},"excerpt":{"rendered":"<p>Astan\u00e1, SANA El ministro de Exteriores de Kazajist\u00e1n, Khairat Abdulrahmanov, dijo que no se descarta la participaci\u00f3n de nuevas delegaciones en la s\u00e9ptima reuni\u00f3n de Astan\u00e1 prevista para finales de este mes. La agencia rusa Sputnik cit\u00f3 a Abdulrahmanov declarando a la prensa que &#8220;no se descarta la presencia de nuevos participantes en la s\u00e9ptima &hellip;<\/p>\n","protected":false},"author":1,"featured_media":71516,"comment_status":"closed","ping_status":"closed","sticky":false,"template":"","format":"standard","meta":{"footnotes":""},"categories":[597,467,7541],"tags":[10950],"class_list":["post-71515","post","type-post","status-publish","format-standard","has-post-thumbnail","","category-cinta-de-noticias","category-siria-y-el-mundo","category-ultimas-noticias","tag-abdulrahmanov-no-se-descarta-la-participacion-de-nuevas-delegaciones-en-la-septima-reunion-de-astana"],"_links":{"self":[{"href":"https:\/\/archive.sana.sy\/es\/index.php?rest_route=\/wp\/v2\/posts\/71515"}],"collection":[{"href":"https:\/\/archive.sana.sy\/es\/index.php?rest_route=\/wp\/v2\/posts"}],"about":[{"href":"https:\/\/archive.sana.sy\/es\/index.php?rest_route=\/wp\/v2\/types\/post"}],"author":[{"embeddable":true,"href":"https:\/\/archive.sana.sy\/es\/index.php?rest_route=\/wp\/v2\/users\/1"}],"replies":[{"embeddable":true,"href":"https:\/\/archive.sana.sy\/es\/index.php?rest_route=%2Fwp%2Fv2%2Fcomments&post=71515"}],"version-history":[{"count":0,"href":"https:\/\/archive.sana.sy\/es\/index.php?rest_route=\/wp\/v2\/posts\/71515\/revisions"}],"wp:featuredmedia":[{"embeddable":true,"href":"https:\/\/archive.sana.sy\/es\/index.php?rest_route=\/wp\/v2\/media\/71516"}],"wp:attachment":[{"href":"https:\/\/archive.sana.sy\/es\/index.php?rest_route=%2Fwp%2Fv2%2Fmedia&parent=71515"}],"wp:term":[{"taxonomy":"category","embeddable":true,"href":"https:\/\/archive.sana.sy\/es\/index.php?rest_route=%2Fwp%2Fv2%2Fcategories&post=71515"},{"taxonomy":"post_tag","embeddable":true,"href":"https:\/\/archive.sana.sy\/es\/index.php?rest_route=%2Fwp%2Fv2%2Ftags&post=71515"}],"curies":[{"name":"wp","href":"https:\/\/api.w.org\/{rel}","templated":true}]}}