{"id":71539,"date":"2017-10-23T20:40:28","date_gmt":"2017-10-23T17:40:28","guid":{"rendered":"http:\/\/www.sana.sy\/es\/?p=71539"},"modified":"2017-10-23T20:40:28","modified_gmt":"2017-10-23T17:40:28","slug":"arnous-subraya-los-esfuerzos-de-propiciar-un-ambiente-legislativo-para-la-fase-de-reconstruccion","status":"publish","type":"post","link":"https:\/\/archive.sana.sy\/es\/?p=71539","title":{"rendered":"Arnous subraya los esfuerzos de propiciar un ambiente legislativo para la fase de reconstrucci\u00f3n"},"content":{"rendered":"<p>&nbsp;<\/p>\n<p><span style=\"color: #800000;\">Damasco Campo- SANA<\/span><\/p>\n<p>El ministro de Obras P\u00fablicas y Viviendas, Hussein Arnous, afirm\u00f3 que en la fase de reconstrucci\u00f3n el ministerio ser\u00e1 la v\u00eda principal para las pol\u00edticas y planes del gobierno en el desarrollo econ\u00f3mico y social en el \u00e1mbito de construcci\u00f3n.<\/p>\n<p>El ministro Arnous se\u00f1al\u00f3 durante su encuentro con cuadros del partido Baaz que el ministerio ser\u00eda el brazo gubernamental en implementar los proyectos de edificaci\u00f3n para las instituciones p\u00fablicas de car\u00e1cter administrativo durante la fase de reconstrucci\u00f3n, adem\u00e1s de ser el dispositivo t\u00e9cnico y consultivo por tener experiencias t\u00e9cnicas y de ingenier\u00eda en el sector de viviendas.<\/p>\n<p>&nbsp;<\/p>\n<p><span style=\"color: #0000ff;\">Akram. S<\/span><\/p>\n","protected":false},"excerpt":{"rendered":"<p>&nbsp; Damasco Campo- SANA El ministro de Obras P\u00fablicas y Viviendas, Hussein Arnous, afirm\u00f3 que en la fase de reconstrucci\u00f3n el ministerio ser\u00e1 la v\u00eda principal para las pol\u00edticas y planes del gobierno en el desarrollo econ\u00f3mico y social en el \u00e1mbito de construcci\u00f3n. El ministro Arnous se\u00f1al\u00f3 durante su encuentro con cuadros del partido &hellip;<\/p>\n","protected":false},"author":1,"featured_media":71540,"comment_status":"closed","ping_status":"closed","sticky":false,"template":"","format":"standard","meta":{"footnotes":""},"categories":[597,476,7541],"tags":[],"class_list":["post-71539","post","type-post","status-publish","format-standard","has-post-thumbnail","","category-cinta-de-noticias","category-locales","category-ultimas-noticias"],"_links":{"self":[{"href":"https:\/\/archive.sana.sy\/es\/index.php?rest_route=\/wp\/v2\/posts\/71539"}],"collection":[{"href":"https:\/\/archive.sana.sy\/es\/index.php?rest_route=\/wp\/v2\/posts"}],"about":[{"href":"https:\/\/archive.sana.sy\/es\/index.php?rest_route=\/wp\/v2\/types\/post"}],"author":[{"embeddable":true,"href":"https:\/\/archive.sana.sy\/es\/index.php?rest_route=\/wp\/v2\/users\/1"}],"replies":[{"embeddable":true,"href":"https:\/\/archive.sana.sy\/es\/index.php?rest_route=%2Fwp%2Fv2%2Fcomments&post=71539"}],"version-history":[{"count":0,"href":"https:\/\/archive.sana.sy\/es\/index.php?rest_route=\/wp\/v2\/posts\/71539\/revisions"}],"wp:featuredmedia":[{"embeddable":true,"href":"https:\/\/archive.sana.sy\/es\/index.php?rest_route=\/wp\/v2\/media\/71540"}],"wp:attachment":[{"href":"https:\/\/archive.sana.sy\/es\/index.php?rest_route=%2Fwp%2Fv2%2Fmedia&parent=71539"}],"wp:term":[{"taxonomy":"category","embeddable":true,"href":"https:\/\/archive.sana.sy\/es\/index.php?rest_route=%2Fwp%2Fv2%2Fcategories&post=71539"},{"taxonomy":"post_tag","embeddable":true,"href":"https:\/\/archive.sana.sy\/es\/index.php?rest_route=%2Fwp%2Fv2%2Ftags&post=71539"}],"curies":[{"name":"wp","href":"https:\/\/api.w.org\/{rel}","templated":true}]}}