{"id":71543,"date":"2017-10-23T21:01:28","date_gmt":"2017-10-23T18:01:28","guid":{"rendered":"http:\/\/www.sana.sy\/es\/?p=71543"},"modified":"2017-10-23T21:01:28","modified_gmt":"2017-10-23T18:01:28","slug":"el-ejercito-egipcio-aniquila-a-seis-terroristas-en-el-sinai","status":"publish","type":"post","link":"https:\/\/archive.sana.sy\/es\/?p=71543","title":{"rendered":"El Ej\u00e9rcito egipcio aniquila a seis terroristas en el Sina\u00ed"},"content":{"rendered":"<p>&nbsp;<\/p>\n<p><span style=\"color: #800000;\">El Cairo-SANA<\/span><\/p>\n<p>El Ej\u00e9rcito egipcio aniquil\u00f3 a seis terroristas durante una operaci\u00f3n contra un escondite terrorista en Sina\u00ed.<\/p>\n<p>El ministerio de Defensa egipcio dijo en un comunicado que las Fuerzas Armadas realizaron una operaci\u00f3n especial contra una c\u00e9lula terrorista, lo que caus\u00f3 la muerte de 6 terroristas, as\u00ed como confiscaron grandes cantidades de armas y municiones.<\/p>\n<p>Unos 16 oficiales y agentes de polic\u00eda perdieron la vida anteayer durante su enfrentamiento con terroristas en el desierto fronterizo de al Wahat entre las provincias de al Yiza, al Fayum, y al Wadi al Yadid.<\/p>\n<p>&nbsp;<\/p>\n<p><span style=\"color: #0000ff;\">Akram. S<\/span><\/p>\n","protected":false},"excerpt":{"rendered":"<p>&nbsp; El Cairo-SANA El Ej\u00e9rcito egipcio aniquil\u00f3 a seis terroristas durante una operaci\u00f3n contra un escondite terrorista en Sina\u00ed. El ministerio de Defensa egipcio dijo en un comunicado que las Fuerzas Armadas realizaron una operaci\u00f3n especial contra una c\u00e9lula terrorista, lo que caus\u00f3 la muerte de 6 terroristas, as\u00ed como confiscaron grandes cantidades de armas &hellip;<\/p>\n","protected":false},"author":1,"featured_media":71544,"comment_status":"closed","ping_status":"closed","sticky":false,"template":"","format":"standard","meta":{"footnotes":""},"categories":[597,456,7541],"tags":[],"class_list":["post-71543","post","type-post","status-publish","format-standard","has-post-thumbnail","","category-cinta-de-noticias","category-arabe-internacional-politica","category-ultimas-noticias"],"_links":{"self":[{"href":"https:\/\/archive.sana.sy\/es\/index.php?rest_route=\/wp\/v2\/posts\/71543"}],"collection":[{"href":"https:\/\/archive.sana.sy\/es\/index.php?rest_route=\/wp\/v2\/posts"}],"about":[{"href":"https:\/\/archive.sana.sy\/es\/index.php?rest_route=\/wp\/v2\/types\/post"}],"author":[{"embeddable":true,"href":"https:\/\/archive.sana.sy\/es\/index.php?rest_route=\/wp\/v2\/users\/1"}],"replies":[{"embeddable":true,"href":"https:\/\/archive.sana.sy\/es\/index.php?rest_route=%2Fwp%2Fv2%2Fcomments&post=71543"}],"version-history":[{"count":0,"href":"https:\/\/archive.sana.sy\/es\/index.php?rest_route=\/wp\/v2\/posts\/71543\/revisions"}],"wp:featuredmedia":[{"embeddable":true,"href":"https:\/\/archive.sana.sy\/es\/index.php?rest_route=\/wp\/v2\/media\/71544"}],"wp:attachment":[{"href":"https:\/\/archive.sana.sy\/es\/index.php?rest_route=%2Fwp%2Fv2%2Fmedia&parent=71543"}],"wp:term":[{"taxonomy":"category","embeddable":true,"href":"https:\/\/archive.sana.sy\/es\/index.php?rest_route=%2Fwp%2Fv2%2Fcategories&post=71543"},{"taxonomy":"post_tag","embeddable":true,"href":"https:\/\/archive.sana.sy\/es\/index.php?rest_route=%2Fwp%2Fv2%2Ftags&post=71543"}],"curies":[{"name":"wp","href":"https:\/\/api.w.org\/{rel}","templated":true}]}}