{"id":71546,"date":"2017-10-24T09:31:18","date_gmt":"2017-10-24T06:31:18","guid":{"rendered":"http:\/\/www.sana.sy\/es\/?p=71546"},"modified":"2017-10-24T09:55:40","modified_gmt":"2017-10-24T06:55:40","slug":"inaugurada-la-feria-all-energey-con-la-participacion-de-45-companias-nacionales-e-internacionales","status":"publish","type":"post","link":"https:\/\/archive.sana.sy\/es\/?p=71546","title":{"rendered":"Inaugurada la feria All-Energey con la participaci\u00f3n de 45 compa\u00f1\u00edas nacionales e internacionales"},"content":{"rendered":"<p><span style=\"color: #800000;\">Damasco, SANA<\/span><\/p>\n<p>Con la participaci\u00f3n de m\u00e1s de 45 compa\u00f1\u00edas nacionales, \u00e1rabes y extranjeras, fue inaugurada la quinta Edici\u00f3n de Feria Internacional &#8220;All-Energey&#8221;, como parte de los preparativos para la fase de la reconstrucci\u00f3n en el pa\u00eds.<img decoding=\"async\" src=\"http:\/\/www.sana.sy\/wp-content\/uploads\/2017\/10\/8-112.jpg\" \/><\/p>\n<p>La Feria es organizada por la compa\u00f1\u00eda &#8220;Tayyara&#8221; especializada en Ferias y Conferencias, en cooperaci\u00f3n con el Ministerio de Electricidad, la Federaci\u00f3n de C\u00e1maras de Comercio, el Sindicato de Ingenieros y el Centro Nacional para la Investigaci\u00f3n de la Energ\u00eda.<\/p>\n<p><img decoding=\"async\" src=\"http:\/\/www.sana.sy\/wp-content\/uploads\/2017\/10\/4-193.jpg\" \/><\/p>\n<p>La Feria abarca secciones especializadas en la calefacci\u00f3n, la ventilaci\u00f3n, la refrigeraci\u00f3n, los aires acondicionados, y tambi\u00e9n en la energ\u00eda el\u00e9ctrica, la tecnolog\u00eda del agua y todos los requisitos para la reconstrucci\u00f3n durante la pr\u00f3xima etapa.<\/p>\n<p>En declaraciones a la prensa tras la apertura de la Feria, el ministro de Electricidad, Mohamed Zuhair Kharboteli, dijo que en la feria se presentar\u00e1 la producci\u00f3n de las compa\u00f1\u00edas en el campo de las energ\u00edas renovables y alternativas.<img decoding=\"async\" src=\"http:\/\/www.sana.sy\/wp-content\/uploads\/2017\/10\/2-341.jpg\" \/><\/p>\n<p>Revel\u00f3 que su Ministerios tiene una estrategia para la implementaci\u00f3n de proyectos de generaci\u00f3n de energ\u00eda el\u00e9ctrica basado en energ\u00edas renovables hasta 97.5 megavatios.<\/p>\n<p>Destac\u00f3 adem\u00e1s que el ministerio emiti\u00f3 muchas legislaciones y leyes que contribuyen a la promoci\u00f3n de la inversi\u00f3n en el campo de las energ\u00edas renovables.<\/p>\n<p>En una declaraci\u00f3n similar, el ministro de Econom\u00eda y Comercio Exterior, Samer Khalil, dijo que est\u00e1 trabajando para ampliar y fomentar la inversi\u00f3n en energ\u00edas alternativas teniendo en cuenta su importancia en reducir la dependencia del combustible en la generaci\u00f3n de energ\u00eda.<\/p>\n<p>El director general de la compa\u00f1\u00eda organizadora del evento, Muaffak Tayyara, se\u00f1al\u00f3 que la reconstrucci\u00f3n necesita un gran n\u00famero de empresas especializadas en diversas \u00e1reas, incluida la energ\u00eda.<\/p>\n<p><span style=\"color: #0000ff;\">F. Marouf\/ Dr. A. Shaban<\/span><\/p>\n","protected":false},"excerpt":{"rendered":"<p>Damasco, SANA Con la participaci\u00f3n de m\u00e1s de 45 compa\u00f1\u00edas nacionales, \u00e1rabes y extranjeras, fue inaugurada la quinta Edici\u00f3n de Feria Internacional &#8220;All-Energey&#8221;, como parte de los preparativos para la fase de la reconstrucci\u00f3n en el pa\u00eds. La Feria es organizada por la compa\u00f1\u00eda &#8220;Tayyara&#8221; especializada en Ferias y Conferencias, en cooperaci\u00f3n con el Ministerio &hellip;<\/p>\n","protected":false},"author":1,"featured_media":71547,"comment_status":"closed","ping_status":"closed","sticky":false,"template":"","format":"standard","meta":{"footnotes":""},"categories":[597,510,583,7541],"tags":[10952],"class_list":["post-71546","post","type-post","status-publish","format-standard","has-post-thumbnail","","category-cinta-de-noticias","category-arte-y-cultura","category-slide","category-ultimas-noticias","tag-inaugurada-la-feria-all-energey-con-la-participacion-de-45-companias-nacionales-e-internacionales"],"_links":{"self":[{"href":"https:\/\/archive.sana.sy\/es\/index.php?rest_route=\/wp\/v2\/posts\/71546"}],"collection":[{"href":"https:\/\/archive.sana.sy\/es\/index.php?rest_route=\/wp\/v2\/posts"}],"about":[{"href":"https:\/\/archive.sana.sy\/es\/index.php?rest_route=\/wp\/v2\/types\/post"}],"author":[{"embeddable":true,"href":"https:\/\/archive.sana.sy\/es\/index.php?rest_route=\/wp\/v2\/users\/1"}],"replies":[{"embeddable":true,"href":"https:\/\/archive.sana.sy\/es\/index.php?rest_route=%2Fwp%2Fv2%2Fcomments&post=71546"}],"version-history":[{"count":0,"href":"https:\/\/archive.sana.sy\/es\/index.php?rest_route=\/wp\/v2\/posts\/71546\/revisions"}],"wp:featuredmedia":[{"embeddable":true,"href":"https:\/\/archive.sana.sy\/es\/index.php?rest_route=\/wp\/v2\/media\/71547"}],"wp:attachment":[{"href":"https:\/\/archive.sana.sy\/es\/index.php?rest_route=%2Fwp%2Fv2%2Fmedia&parent=71546"}],"wp:term":[{"taxonomy":"category","embeddable":true,"href":"https:\/\/archive.sana.sy\/es\/index.php?rest_route=%2Fwp%2Fv2%2Fcategories&post=71546"},{"taxonomy":"post_tag","embeddable":true,"href":"https:\/\/archive.sana.sy\/es\/index.php?rest_route=%2Fwp%2Fv2%2Ftags&post=71546"}],"curies":[{"name":"wp","href":"https:\/\/api.w.org\/{rel}","templated":true}]}}