{"id":71555,"date":"2017-10-24T17:48:12","date_gmt":"2017-10-24T14:48:12","guid":{"rendered":"http:\/\/www.sana.sy\/es\/?p=71555"},"modified":"2017-10-24T17:48:12","modified_gmt":"2017-10-24T14:48:12","slug":"siria-anuncio-de-la-reconstruccion-de-raqqa-por-la-coalicion-internacional-no-borrara-huellas-de-esta-de-los-crimenes-de-esta-alianza-ilegal","status":"publish","type":"post","link":"https:\/\/archive.sana.sy\/es\/?p=71555","title":{"rendered":"Siria: anuncio de la reconstrucci\u00f3n de Raqqa por la Coalici\u00f3n Internacional no borrar\u00e1 huellas de esta de los cr\u00edmenes de esta alianza ilegal"},"content":{"rendered":"<p><span style=\"color: #800000\">Damasco, SANA<\/span><\/p>\n<p>Siria exigi\u00f3 de nuevo al Consejo de Seguridad de la ONU que asuma su responsabilidad de preservar la paz y seguridad internacionales, y reaccione inmediatamente para poner coto a las salvajadas de la Coalici\u00f3n Internacional, alianza ilegal, contra los civiles sirios.<\/p>\n<p>En dos cartas id\u00e9nticas dirigidas tanto al Secretario General de la ONU como al Presidente del Consejo de Seguridad sobre las agresiones sistematizadas de la Coalici\u00f3n contra la soberan\u00eda de Siria y su poblaci\u00f3n, la Canciller\u00eda siria se\u00f1al\u00f3 que esta alianza ilegal ha sumado una nueva masacre a su registro lleno de masacres y cr\u00edmenes de guerra contra la humanidad, al bombardear con misiles el barrio residencial de al-Qusur en la ciudad de Deir Ezzor en la fecha de 23\/10\/2017, lo que ocasion\u00f3 14 v\u00edctimas mortales y m\u00e1s de 40 heridos, ni\u00f1o y mujeres en su gran mayor\u00eda.<\/p>\n<p>Resalt\u00f3 que el hecho de atacar al barrio de al-Qusur liberado recientemente por el Ej\u00e9rcito sirio y sus aliados de los terroristas de Daesh va en el marco del papel sospechoso y destructivo que sigue desempe\u00f1ando esta Coalici\u00f3n, y de su persistencia para obstaculizar las victorias logradas por el Ej\u00e9rcito sirio y sus aliados sobre la organizaci\u00f3n takfiri de Daesh, especialmente en la provincia de Deir Ezzor. Este hecho fue comprobado por varios acontecimientos y numerosos informes y fotos a\u00e9reas que han demostrado que los terroristas de Daesh libran ataques contra las unidades castrenses sirias desde zonas controladas por la Coalici\u00f3n Internacional y sus milicias terroristas en el terreno.<\/p>\n<p>Ahora, continu\u00f3, la Coalici\u00f3n resalta la farsa de la ciudad de Raqqa despu\u00e9s de que la aviaci\u00f3n militar de esta alianza criminal ha cometido masacres en la misma, las cuales cosecharon la vida de miles de civiles y borraron la ciudad de la fase de la tierra, en paralelo la Coalici\u00f3n y sus milicias aseguraron la salida de terroristas de Daesh, mayoritariamente mercenarios, de Raqqa y Deir Ezzor, y les dieron \u00f3rdenes para atacar a las fuerzas armadas sirias y sus aliados en la provincia de Deir Ezzor.<\/p>\n<p>Recalc\u00f3 que el anuncio de la reconstrucci\u00f3n de la ciudad de Raqqa por esta Coalici\u00f3n no lograr\u00e1 para nada borrar las huellas de su condenable crimen, as\u00ed como no lograr\u00e1 imponer la realidad al que busca la misma en colaboraci\u00f3n con sus agentes en una flagrante violaci\u00f3n de la soberan\u00eda, integridad territorial y seguridad de Siria.<\/p>\n<p>Agreg\u00f3 que el Gobierno de la Rep\u00fablica \u00c1rabe Siria condena en\u00e9rgicamente las agresiones y cr\u00edmenes de guerra cometidas por la \u201cCoalici\u00f3n Internacional\u201d contra los civiles sirios, especialmente en Deir Ezzor.<\/p>\n<p>Expres\u00f3 su extra\u00f1ez por los informes emitidos por algunos pa\u00edses que alegan preocuparse por la soberan\u00eda de la ley y los derechos humanos, y al mismo tiempo hacen la vista gorda ante el asesinato de miles de vecinos de Raqqa y la destrucci\u00f3n completa de la ciudad. Siria considera a estos pa\u00edses como un part\u00edcipe en el derramamiento de la sangre de los sirios y la destrucci\u00f3n de la infraestructura de su pa\u00eds, asever\u00f3, a\u00f1adiendo que los referidos informes es un ejemplo claro de la pol\u00edtica del doble moral que siguen los antes mencionados pa\u00edses, a\u00f1adi\u00f3.<\/p>\n<p>Concluy\u00f3 las cartas exigiendo otra vez m\u00e1s al Consejo de Seguridad de la ONU que asuma su papel de preservar la paz y la seguridad internacionales y reaccionar lo antes posible para detener las barbaridades cometidas por la Coalici\u00f3n Internacional en Siria.<\/p>\n<p>&nbsp;<\/p>\n<p>Lynn A.<\/p>\n<p>&nbsp;<\/p>\n","protected":false},"excerpt":{"rendered":"<p>Damasco, SANA Siria exigi\u00f3 de nuevo al Consejo de Seguridad de la ONU que asuma su responsabilidad de preservar la paz y seguridad internacionales, y reaccione inmediatamente para poner coto a las salvajadas de la Coalici\u00f3n Internacional, alianza ilegal, contra los civiles sirios. En dos cartas id\u00e9nticas dirigidas tanto al Secretario General de la ONU &hellip;<\/p>\n","protected":false},"author":24,"featured_media":65740,"comment_status":"closed","ping_status":"closed","sticky":false,"template":"","format":"standard","meta":{"footnotes":""},"categories":[597,476,583,7541],"tags":[],"class_list":["post-71555","post","type-post","status-publish","format-standard","has-post-thumbnail","","category-cinta-de-noticias","category-locales","category-slide","category-ultimas-noticias"],"_links":{"self":[{"href":"https:\/\/archive.sana.sy\/es\/index.php?rest_route=\/wp\/v2\/posts\/71555"}],"collection":[{"href":"https:\/\/archive.sana.sy\/es\/index.php?rest_route=\/wp\/v2\/posts"}],"about":[{"href":"https:\/\/archive.sana.sy\/es\/index.php?rest_route=\/wp\/v2\/types\/post"}],"author":[{"embeddable":true,"href":"https:\/\/archive.sana.sy\/es\/index.php?rest_route=\/wp\/v2\/users\/24"}],"replies":[{"embeddable":true,"href":"https:\/\/archive.sana.sy\/es\/index.php?rest_route=%2Fwp%2Fv2%2Fcomments&post=71555"}],"version-history":[{"count":0,"href":"https:\/\/archive.sana.sy\/es\/index.php?rest_route=\/wp\/v2\/posts\/71555\/revisions"}],"wp:featuredmedia":[{"embeddable":true,"href":"https:\/\/archive.sana.sy\/es\/index.php?rest_route=\/wp\/v2\/media\/65740"}],"wp:attachment":[{"href":"https:\/\/archive.sana.sy\/es\/index.php?rest_route=%2Fwp%2Fv2%2Fmedia&parent=71555"}],"wp:term":[{"taxonomy":"category","embeddable":true,"href":"https:\/\/archive.sana.sy\/es\/index.php?rest_route=%2Fwp%2Fv2%2Fcategories&post=71555"},{"taxonomy":"post_tag","embeddable":true,"href":"https:\/\/archive.sana.sy\/es\/index.php?rest_route=%2Fwp%2Fv2%2Ftags&post=71555"}],"curies":[{"name":"wp","href":"https:\/\/api.w.org\/{rel}","templated":true}]}}