{"id":71716,"date":"2017-10-29T18:24:16","date_gmt":"2017-10-29T16:24:16","guid":{"rendered":"http:\/\/www.sana.sy\/es\/?p=71716"},"modified":"2017-10-29T18:24:16","modified_gmt":"2017-10-29T16:24:16","slug":"khamis-recibe-al-ministro-de-fomento-economico-de-armenia","status":"publish","type":"post","link":"https:\/\/archive.sana.sy\/es\/?p=71716","title":{"rendered":"Khamis recibe al ministro de Fomento Econ\u00f3mico de Armenia"},"content":{"rendered":"<p>Damasco, SANA<\/p>\n<p>El Ing. Imad Khamis, presidente del Consejo de Ministros examin\u00f3 con el titular de Fomento Econ\u00f3mico e Inversiones de Armenia, Surin Karayan y la delegaci\u00f3n acompa\u00f1ante, los horizontes de potenciar la cooperaci\u00f3n econ\u00f3mica, inversionista y tur\u00edstica entre Siria y Armenia, y c\u00f3mo asentar bases s\u00f3lidas para esta cooperaci\u00f3n durante la pr\u00f3xima etapa.<\/p>\n<p>Khamis destac\u00f3 la necesidad de elaborar una visi\u00f3n conjunta para las legislaciones que favorezcan el desarrollo de la acci\u00f3n entre los dos pa\u00edses amigos y estudiar las facilitaciones aduaneras, as\u00ed como destac\u00f3 la importancia de la labor de la comisi\u00f3n mixta sirio-armenia y expuso ante la delegaci\u00f3n armenia los proyectos enmarcados dentro del mapa de inversi\u00f3n en Siria.<\/p>\n<p>Por su parte el ministro Karayan manifest\u00f3 que el objetivo de la visita es desarrollar las relaciones econ\u00f3micas y dar facilidades ante el ingreso de las mercanc\u00edas sirias en la zona euroasi\u00e1tica y las mercanc\u00edas que importa Siria a trav\u00e9s de Armenia y conceder facilitaciones a las mercanc\u00edas de cada pa\u00eds en el otro, y sopesar la posibilidad de que el trato econ\u00f3mico y comercial y en los proyectos conjuntos sea en moneda siria.<\/p>\n<p>Karayan se\u00f1al\u00f3 la necesidad de construir una visi\u00f3n clara de la participaci\u00f3n armenia en la etapa de reconstrucci\u00f3n en el \u00e1mbito de las infraestructuras, la construcci\u00f3n de carreteras y edificios, y la producci\u00f3n de materiales de construcci\u00f3n.<\/p>\n<p>R.Sh.-Y.K.<\/p>\n","protected":false},"excerpt":{"rendered":"<p>Damasco, SANA El Ing. Imad Khamis, presidente del Consejo de Ministros examin\u00f3 con el titular de Fomento Econ\u00f3mico e Inversiones de Armenia, Surin Karayan y la delegaci\u00f3n acompa\u00f1ante, los horizontes de potenciar la cooperaci\u00f3n econ\u00f3mica, inversionista y tur\u00edstica entre Siria y Armenia, y c\u00f3mo asentar bases s\u00f3lidas para esta cooperaci\u00f3n durante la pr\u00f3xima etapa. Khamis &hellip;<\/p>\n","protected":false},"author":1,"featured_media":71717,"comment_status":"closed","ping_status":"closed","sticky":false,"template":"","format":"standard","meta":{"footnotes":""},"categories":[477,476,7541],"tags":[],"class_list":["post-71716","post","type-post","status-publish","format-standard","has-post-thumbnail","","category-noticias-edulcorantes","category-locales","category-ultimas-noticias"],"_links":{"self":[{"href":"https:\/\/archive.sana.sy\/es\/index.php?rest_route=\/wp\/v2\/posts\/71716"}],"collection":[{"href":"https:\/\/archive.sana.sy\/es\/index.php?rest_route=\/wp\/v2\/posts"}],"about":[{"href":"https:\/\/archive.sana.sy\/es\/index.php?rest_route=\/wp\/v2\/types\/post"}],"author":[{"embeddable":true,"href":"https:\/\/archive.sana.sy\/es\/index.php?rest_route=\/wp\/v2\/users\/1"}],"replies":[{"embeddable":true,"href":"https:\/\/archive.sana.sy\/es\/index.php?rest_route=%2Fwp%2Fv2%2Fcomments&post=71716"}],"version-history":[{"count":0,"href":"https:\/\/archive.sana.sy\/es\/index.php?rest_route=\/wp\/v2\/posts\/71716\/revisions"}],"wp:featuredmedia":[{"embeddable":true,"href":"https:\/\/archive.sana.sy\/es\/index.php?rest_route=\/wp\/v2\/media\/71717"}],"wp:attachment":[{"href":"https:\/\/archive.sana.sy\/es\/index.php?rest_route=%2Fwp%2Fv2%2Fmedia&parent=71716"}],"wp:term":[{"taxonomy":"category","embeddable":true,"href":"https:\/\/archive.sana.sy\/es\/index.php?rest_route=%2Fwp%2Fv2%2Fcategories&post=71716"},{"taxonomy":"post_tag","embeddable":true,"href":"https:\/\/archive.sana.sy\/es\/index.php?rest_route=%2Fwp%2Fv2%2Ftags&post=71716"}],"curies":[{"name":"wp","href":"https:\/\/api.w.org\/{rel}","templated":true}]}}