{"id":71736,"date":"2017-10-30T20:23:39","date_gmt":"2017-10-30T18:23:39","guid":{"rendered":"http:\/\/www.sana.sy\/es\/?p=71736"},"modified":"2017-10-30T21:06:22","modified_gmt":"2017-10-30T19:06:22","slug":"delegacion-siria-sostiene-una-serie-de-reuniones-en-el-marco-de-la-7a-ronda-de-astana","status":"publish","type":"post","link":"https:\/\/archive.sana.sy\/es\/?p=71736","title":{"rendered":"Delegaci\u00f3n siria sostiene reuniones en Astan\u00e1&#8230;Lavrentyev: reuniones de Astan\u00e1 sobre Siria para lograr la estabilidad en Siria"},"content":{"rendered":"<p>Astan\u00e1, SANA<\/p>\n<p>La delegaci\u00f3n de la Rep\u00fablica \u00c1rabe Siria, presidida por Bashar al-Jaafari, sostuvo este lunes una reuni\u00f3n de consulta con la delegaci\u00f3n rusa, encabezada por Alexander Lavrantiev, en el marco de la s\u00e9ptima ronda de las reuniones de Astan\u00e1 sobre Siria.<\/p>\n<p>Anteriormente, la delegaci\u00f3n siria se reuni\u00f3 con la delegaci\u00f3n iran\u00ed, presidida por Hossain Yabiri Ansari, el asesor del canciller persa para Asuntos \u00c1rabes Y Africanos,.<\/p>\n<p>Es de se\u00f1alar que esta ma\u00f1ana se dio inicio a la s\u00e9ptima ronda del encuentro Astan\u00e1 sobre Siria, que concluir\u00e1 ma\u00f1ana el 31 tras la celebraci\u00f3n de la sesi\u00f3n general.<\/p>\n<p>Durante una conferencia de prensa, Lavrentyev reiter\u00f3 que las reuniones de Astan\u00e1 sobre Siria tiene como objetivo lograr la estabilidad en todas las regiones de Siria.<\/p>\n<p>\u00a8Sostuvimos conversaciones con la delegaci\u00f3n de Siria y durante el encuentro percibimos una compresi\u00f3n por parte de los miembros de esta delegaci\u00f3n\u00a8, dijo el diplom\u00e1tico ruso.<\/p>\n<p>\u00a8En mi opini\u00f3n las reuniones de Astan\u00e1 se tendr\u00e1n \u00e9xito y los resultados saldr\u00e1n tras la sesi\u00f3n final prevista para pasado ma\u00f1ana\u00a8, agreg\u00f3.<\/p>\n<p>Se\u00f1al\u00f3 que \u00b4los expedientes relacionados con los secuestrados y detenidos, adem\u00e1s de las operaciones de desminado son importantes y requieren una mayor confianza entre las partes\u00a8, llamando al mismo tiempo la oposici\u00f3n a renunciar las \u00a8condiciones previas\u00a8, para participar en el dialogo.<\/p>\n<p>El jefe de la delegaci\u00f3n rusa explic\u00f3 que su pa\u00eds propuso recientemente que se celebra una conferencia de dialogo nacional sirio que se centrar\u00e1 en el dialogo inter-sirio, el proceso de reconciliaci\u00f3n nacional y la soluci\u00f3n pol\u00edtica de la crisis.<\/p>\n<p>El funcionario ruso detall\u00f3 que los EEUU utiliz\u00f3 fuerza excesiva durante sus operaciones en la ciudad de Raqa lo que dej\u00f3 numerosos v\u00edctimas mortales en la poblaci\u00f3n civil.<\/p>\n<p>Destac\u00f3 tambi\u00e9n que el gobierno sirio sigue proporcionando ayudas humanitarias a los residentes de Dier Ezzor y Ghouta Este, \u00a8terroristas del frente Al-Nusra y grupos de DAESH obstaculizan la entrega de ayudas humanitarias\u00a8, puntualiz\u00f3 Lavrentyev.<\/p>\n<p>Lavrentyev aclar\u00f3 que el gobierno sirio asimismo est\u00e1 dispuesto a discutir todas las cuestiones en el marco de una concesi\u00f3n pol\u00edtica<\/p>\n<p>\u00a8 &#8220;Es muy importante tener en cuenta que el presidente Bashar Al-Assad est\u00e9 interesado en buscar caminos para la reconciliaci\u00f3n nacional&#8221;.<\/p>\n<p>&nbsp;<\/p>\n<p><span style=\"color: #0000ff;\">Delegaciones de Rusia, Ir\u00e1n y Turqu\u00eda en \u201cAstan\u00e1 7\u201d sobre Siria abordan asuntos de la agenda de trabajo<\/span><\/p>\n<p>Las delegaciones de Rusia, Ir\u00e1n, y Turqu\u00eda en la reuni\u00f3n de \u201cAstan\u00e1 7\u201d sobre Siria celebraron una reuni\u00f3n tripartita para abordar los asuntos de la agenda de trabajo.<\/p>\n<p>El jefe de la delegaci\u00f3n iran\u00ed, Yaberi Ansari, dijo que la reuni\u00f3n se centra en debatir la \u00faltima actualidad en el terreno, sobre todo, el cumplimiento de los acuerdos alcanzados en las reuniones anteriores sobre las zonas de distensi\u00f3n.<\/p>\n<p>En una declaraci\u00f3n tras la reuni\u00f3n, Yaberi Ansari dijo que las reuniones abordan la violaci\u00f3n del cese de hostilidades, adem\u00e1s del expediente de los secuestrados y retenidos, y el de las minas, sin dejar de lado la evoluci\u00f3n de la soluci\u00f3n pol\u00edtica de la crisis en Siria.<\/p>\n<p>El diplom\u00e1tico iran\u00ed se\u00f1al\u00f3 que se lleg\u00f3 a entendimientos iniciales sobre asuntos de discrepancia, y se acord\u00f3 continuar el estudio de estos asuntos a nivel de expertos.<\/p>\n<p><span style=\"color: #0000ff;\">Y.K.-L.A., Akram. S<\/span><\/p>\n","protected":false},"excerpt":{"rendered":"<p>Astan\u00e1, SANA La delegaci\u00f3n de la Rep\u00fablica \u00c1rabe Siria, presidida por Bashar al-Jaafari, sostuvo este lunes una reuni\u00f3n de consulta con la delegaci\u00f3n rusa, encabezada por Alexander Lavrantiev, en el marco de la s\u00e9ptima ronda de las reuniones de Astan\u00e1 sobre Siria. Anteriormente, la delegaci\u00f3n siria se reuni\u00f3 con la delegaci\u00f3n iran\u00ed, presidida por Hossain &hellip;<\/p>\n","protected":false},"author":1,"featured_media":71737,"comment_status":"closed","ping_status":"closed","sticky":false,"template":"","format":"standard","meta":{"footnotes":""},"categories":[597,467,583,7541],"tags":[],"class_list":["post-71736","post","type-post","status-publish","format-standard","has-post-thumbnail","","category-cinta-de-noticias","category-siria-y-el-mundo","category-slide","category-ultimas-noticias"],"_links":{"self":[{"href":"https:\/\/archive.sana.sy\/es\/index.php?rest_route=\/wp\/v2\/posts\/71736"}],"collection":[{"href":"https:\/\/archive.sana.sy\/es\/index.php?rest_route=\/wp\/v2\/posts"}],"about":[{"href":"https:\/\/archive.sana.sy\/es\/index.php?rest_route=\/wp\/v2\/types\/post"}],"author":[{"embeddable":true,"href":"https:\/\/archive.sana.sy\/es\/index.php?rest_route=\/wp\/v2\/users\/1"}],"replies":[{"embeddable":true,"href":"https:\/\/archive.sana.sy\/es\/index.php?rest_route=%2Fwp%2Fv2%2Fcomments&post=71736"}],"version-history":[{"count":0,"href":"https:\/\/archive.sana.sy\/es\/index.php?rest_route=\/wp\/v2\/posts\/71736\/revisions"}],"wp:featuredmedia":[{"embeddable":true,"href":"https:\/\/archive.sana.sy\/es\/index.php?rest_route=\/wp\/v2\/media\/71737"}],"wp:attachment":[{"href":"https:\/\/archive.sana.sy\/es\/index.php?rest_route=%2Fwp%2Fv2%2Fmedia&parent=71736"}],"wp:term":[{"taxonomy":"category","embeddable":true,"href":"https:\/\/archive.sana.sy\/es\/index.php?rest_route=%2Fwp%2Fv2%2Fcategories&post=71736"},{"taxonomy":"post_tag","embeddable":true,"href":"https:\/\/archive.sana.sy\/es\/index.php?rest_route=%2Fwp%2Fv2%2Ftags&post=71736"}],"curies":[{"name":"wp","href":"https:\/\/api.w.org\/{rel}","templated":true}]}}