{"id":71764,"date":"2017-10-30T20:47:34","date_gmt":"2017-10-30T18:47:34","guid":{"rendered":"http:\/\/www.sana.sy\/es\/?p=71764"},"modified":"2017-10-30T20:47:34","modified_gmt":"2017-10-30T18:47:34","slug":"el-80-de-los-productos-sirios-exportados-antes-de-la-crisis-vuelve-a-los-mercados-exteriores","status":"publish","type":"post","link":"https:\/\/archive.sana.sy\/es\/?p=71764","title":{"rendered":"El 80% de los productos sirios exportados antes de la crisis vuelve a los mercados exteriores"},"content":{"rendered":"<p>&nbsp;<\/p>\n<p><span style=\"color: #800000;\">Damasco-SANA<\/span><\/p>\n<p>El 80% de los productos sirios que se exportaban antes de la crisis vuelve nuevamente a los mercados exteriores, y pudo llegar a 90 pa\u00edses, como los pa\u00edses \u00e1rabes, Europa, EEUU, y muchos pa\u00edses asi\u00e1ticos como China y Jap\u00f3n.<\/p>\n<p>El ministerio de Econom\u00eda y Comercio Exterior afirm\u00f3 que despu\u00e9s de 9 meses de ofrecer todo tipo de apoyo a los sectores de producci\u00f3n, cientos de productos sirios, agr\u00edcolas, industriales, textiles, ingenieros, qu\u00edmicos, y tradicionales, volvieron a los mercados exteriores, dando paso a la recuperaci\u00f3n de la econom\u00eda siria tras a\u00f1os de guerra, destrucci\u00f3n, y asedio.<\/p>\n<p>L\u00edbano, Irak, y otros pa\u00edses amigos encabezan la lista de pa\u00edses m\u00e1s consumidores de los productos sirios, se\u00f1al\u00f3 el ministerio, aludiendo a la prosperidad de la exportaci\u00f3n de las industrias textiles y productos alimentarios que presencian un notable desarrollo hacia algunos pa\u00edses europeos como Suecia, Alemania, y Holanda.<\/p>\n<p>&nbsp;<\/p>\n<p><span style=\"color: #0000ff;\">Akram. S<\/span><\/p>\n","protected":false},"excerpt":{"rendered":"<p>&nbsp; Damasco-SANA El 80% de los productos sirios que se exportaban antes de la crisis vuelve nuevamente a los mercados exteriores, y pudo llegar a 90 pa\u00edses, como los pa\u00edses \u00e1rabes, Europa, EEUU, y muchos pa\u00edses asi\u00e1ticos como China y Jap\u00f3n. El ministerio de Econom\u00eda y Comercio Exterior afirm\u00f3 que despu\u00e9s de 9 meses de &hellip;<\/p>\n","protected":false},"author":1,"featured_media":71765,"comment_status":"closed","ping_status":"closed","sticky":false,"template":"","format":"standard","meta":{"footnotes":""},"categories":[597,476,7541],"tags":[],"class_list":["post-71764","post","type-post","status-publish","format-standard","has-post-thumbnail","","category-cinta-de-noticias","category-locales","category-ultimas-noticias"],"_links":{"self":[{"href":"https:\/\/archive.sana.sy\/es\/index.php?rest_route=\/wp\/v2\/posts\/71764"}],"collection":[{"href":"https:\/\/archive.sana.sy\/es\/index.php?rest_route=\/wp\/v2\/posts"}],"about":[{"href":"https:\/\/archive.sana.sy\/es\/index.php?rest_route=\/wp\/v2\/types\/post"}],"author":[{"embeddable":true,"href":"https:\/\/archive.sana.sy\/es\/index.php?rest_route=\/wp\/v2\/users\/1"}],"replies":[{"embeddable":true,"href":"https:\/\/archive.sana.sy\/es\/index.php?rest_route=%2Fwp%2Fv2%2Fcomments&post=71764"}],"version-history":[{"count":0,"href":"https:\/\/archive.sana.sy\/es\/index.php?rest_route=\/wp\/v2\/posts\/71764\/revisions"}],"wp:featuredmedia":[{"embeddable":true,"href":"https:\/\/archive.sana.sy\/es\/index.php?rest_route=\/wp\/v2\/media\/71765"}],"wp:attachment":[{"href":"https:\/\/archive.sana.sy\/es\/index.php?rest_route=%2Fwp%2Fv2%2Fmedia&parent=71764"}],"wp:term":[{"taxonomy":"category","embeddable":true,"href":"https:\/\/archive.sana.sy\/es\/index.php?rest_route=%2Fwp%2Fv2%2Fcategories&post=71764"},{"taxonomy":"post_tag","embeddable":true,"href":"https:\/\/archive.sana.sy\/es\/index.php?rest_route=%2Fwp%2Fv2%2Ftags&post=71764"}],"curies":[{"name":"wp","href":"https:\/\/api.w.org\/{rel}","templated":true}]}}