{"id":71772,"date":"2017-10-31T12:41:56","date_gmt":"2017-10-31T10:41:56","guid":{"rendered":"http:\/\/www.sana.sy\/es\/?p=71772"},"modified":"2017-10-31T13:59:18","modified_gmt":"2017-10-31T11:59:18","slug":"la-delegacion-de-la-republica-arabe-sirio-liderada-por-el-dr-al-jaafari-celebra-hoy-una-reunion-con-abdulrahmanouf-en-astana","status":"publish","type":"post","link":"https:\/\/archive.sana.sy\/es\/?p=71772","title":{"rendered":"La delegaci\u00f3n de la Rep\u00fablica \u00c1rabe Sirio liderada por el Dr. Al- Jaafari celebra hoy una reuni\u00f3n con Abdulrahmanouf en Astan\u00e1"},"content":{"rendered":"<p><span style=\"color: #800000;\">Astan\u00e1- SANA<\/span><\/p>\n<p>La delegaci\u00f3n de la Rep\u00fablica \u00c1rabe Siria presidida por el Dr. Bashar al-Jaafari ha celebrado hoy una reuni\u00f3n en Astan\u00e1 con el canciller de Kazajist\u00e1n Khairat Abdulrahmanouf dentro de la reuni\u00f3n de Astan\u00e1 sobre Siria.<\/p>\n<p>Ambas partes han discutido temas importantes incluidos en la agenda de la reuni\u00f3n de Astan\u00e1 7, y tambi\u00e9n han evaluado los resultados de Astan\u00e1 6 celebrado en el mes pasado.<\/p>\n<p>Una fuente cercana al canciller de Kazajist\u00e1n ha declarado hoy a SANA que ambas partes han discutido las dificultades y obst\u00e1culos que han dificultado la implementaci\u00f3n de los resultados de Astan\u00e1 6, especialmente la creaci\u00f3n de la zona de reducir la tensi\u00f3n en Idleb.<\/p>\n<p>La fuente se\u00f1al\u00f3 que el representante de Kazajist\u00e1n ha escuchado atentamente a la delegaci\u00f3n siria que ha explicado detalladamente y en profundidad el desarrollo de los acontecimientos en Siria, especialmente la lucha contra el terrorismo. La comunicaci\u00f3n entre Kazajist\u00e1n y Siria continuar\u00e1 hasta la conclusi\u00f3n de la reuni\u00f3n de Astan\u00e1 7 para lograr los mejores resultados.<\/p>\n<p>Cabe mencionar que en la ma\u00f1ana de hoy se celebra la II jornada de la reuni\u00f3n de Astan\u00e1 7 con el encuentro entre las delegaciones de los pa\u00edses garantes Rusia, Ir\u00e1n y Turqu\u00eda y se terminar\u00e1 en la tarde de hoy con una sesi\u00f3n general que resume los resultados de la reuni\u00f3n.<\/p>\n<p>Tambi\u00e9n la delegaci\u00f3n de la Rep\u00fablica \u00c1rabe de Siria celebr\u00f3 ayer dos encuentros con la delegaci\u00f3n iran\u00ed presidida por el asistente del canciller iran\u00ed de asuntos \u00e1rabes y africanos, Husein Jabiri y con la delegaci\u00f3n rusa, presidida por el enviado especial del presidente ruso a Siria, Alexander Lavrantiev.<\/p>\n<p><span style=\"color: #0000ff;\">Dr. A. Shaban<\/span><\/p>\n","protected":false},"excerpt":{"rendered":"<p>Astan\u00e1- SANA La delegaci\u00f3n de la Rep\u00fablica \u00c1rabe Siria presidida por el Dr. Bashar al-Jaafari ha celebrado hoy una reuni\u00f3n en Astan\u00e1 con el canciller de Kazajist\u00e1n Khairat Abdulrahmanouf dentro de la reuni\u00f3n de Astan\u00e1 sobre Siria. Ambas partes han discutido temas importantes incluidos en la agenda de la reuni\u00f3n de Astan\u00e1 7, y tambi\u00e9n &hellip;<\/p>\n","protected":false},"author":1,"featured_media":71784,"comment_status":"closed","ping_status":"closed","sticky":false,"template":"","format":"standard","meta":{"footnotes":""},"categories":[597,467,7541],"tags":[10963],"class_list":["post-71772","post","type-post","status-publish","format-standard","has-post-thumbnail","","category-cinta-de-noticias","category-siria-y-el-mundo","category-ultimas-noticias","tag-la-delegacion-de-la-republica-arabe-sirio-liderada-por-el-dr-al-jaafari-celebra-hoy-una-reunion-con-abdulrahmanouf-en-astana"],"_links":{"self":[{"href":"https:\/\/archive.sana.sy\/es\/index.php?rest_route=\/wp\/v2\/posts\/71772"}],"collection":[{"href":"https:\/\/archive.sana.sy\/es\/index.php?rest_route=\/wp\/v2\/posts"}],"about":[{"href":"https:\/\/archive.sana.sy\/es\/index.php?rest_route=\/wp\/v2\/types\/post"}],"author":[{"embeddable":true,"href":"https:\/\/archive.sana.sy\/es\/index.php?rest_route=\/wp\/v2\/users\/1"}],"replies":[{"embeddable":true,"href":"https:\/\/archive.sana.sy\/es\/index.php?rest_route=%2Fwp%2Fv2%2Fcomments&post=71772"}],"version-history":[{"count":0,"href":"https:\/\/archive.sana.sy\/es\/index.php?rest_route=\/wp\/v2\/posts\/71772\/revisions"}],"wp:featuredmedia":[{"embeddable":true,"href":"https:\/\/archive.sana.sy\/es\/index.php?rest_route=\/wp\/v2\/media\/71784"}],"wp:attachment":[{"href":"https:\/\/archive.sana.sy\/es\/index.php?rest_route=%2Fwp%2Fv2%2Fmedia&parent=71772"}],"wp:term":[{"taxonomy":"category","embeddable":true,"href":"https:\/\/archive.sana.sy\/es\/index.php?rest_route=%2Fwp%2Fv2%2Fcategories&post=71772"},{"taxonomy":"post_tag","embeddable":true,"href":"https:\/\/archive.sana.sy\/es\/index.php?rest_route=%2Fwp%2Fv2%2Ftags&post=71772"}],"curies":[{"name":"wp","href":"https:\/\/api.w.org\/{rel}","templated":true}]}}