{"id":71780,"date":"2017-10-31T13:52:04","date_gmt":"2017-10-31T11:52:04","guid":{"rendered":"http:\/\/www.sana.sy\/es\/?p=71780"},"modified":"2017-10-31T13:52:04","modified_gmt":"2017-10-31T11:52:04","slug":"al-jhenawi-tunez-apoya-la-solucion-politica-de-la-crisis-en-siria","status":"publish","type":"post","link":"https:\/\/archive.sana.sy\/es\/?p=71780","title":{"rendered":"Al- Jhenawi: T\u00fanez apoya la soluci\u00f3n pol\u00edtica de la crisis en Siria"},"content":{"rendered":"<p><span style=\"color: #800000;\">Nueba Delhi- SANA<\/span><\/p>\n<p>El canciller tunecino Khamis Al- Jhenawi reafirm\u00f3 el apoyo de su pa\u00eds a que la soluci\u00f3n pol\u00edtica de la crisis en Siria se lleve a cabo por los mismos ciudadanos sirios.<\/p>\n<p>Al- Jhenawi dijo en una entrevista con el reportero de SANA en Nueva Delhi hoy que \u201cT\u00fanez est\u00e1 tomando en consideraci\u00f3n devolver la seguridad y la estabilidad a Siria y retornar a las buenas relaciones entre los pueblos de ambos pa\u00edses hermanos\u201c.<\/p>\n<p>Al- Jhenawi record\u00f3 las hist\u00f3ricas relaciones entre los pueblos diciendo que T\u00fanez ha seguido manteniendo a su embajada en Damasco, lo que est\u00e1 contribuyendo a la re- normalizaci\u00f3n de las relaciones entre ambos pa\u00edses.<\/p>\n<p>Cabe se\u00f1alar que varios poderes, partidos y personajes tunecinos han visitado Siria \u00faltimamente para fortalecer a este pa\u00eds en su guerra contra el terrorismo, y para alentar a recuperar todas las relaciones diplom\u00e1ticas con Siria. Tambi\u00e9n cabe mencionar que el canciller tunecino se encuentra de visita en la India dentro de las Reuniones del Comit\u00e9 Conjunto Indio-Tunecino.<\/p>\n<p><span style=\"color: #0000ff;\">Dr. A. Shaban<\/span><\/p>\n","protected":false},"excerpt":{"rendered":"<p>Nueba Delhi- SANA El canciller tunecino Khamis Al- Jhenawi reafirm\u00f3 el apoyo de su pa\u00eds a que la soluci\u00f3n pol\u00edtica de la crisis en Siria se lleve a cabo por los mismos ciudadanos sirios. Al- Jhenawi dijo en una entrevista con el reportero de SANA en Nueva Delhi hoy que \u201cT\u00fanez est\u00e1 tomando en consideraci\u00f3n &hellip;<\/p>\n","protected":false},"author":1,"featured_media":71782,"comment_status":"closed","ping_status":"closed","sticky":false,"template":"","format":"standard","meta":{"footnotes":""},"categories":[597,456,7541],"tags":[10965],"class_list":["post-71780","post","type-post","status-publish","format-standard","has-post-thumbnail","","category-cinta-de-noticias","category-arabe-internacional-politica","category-ultimas-noticias","tag-al-jhenawi-tunez-apoya-la-solucion-politica-de-la-crisis-en-siria"],"_links":{"self":[{"href":"https:\/\/archive.sana.sy\/es\/index.php?rest_route=\/wp\/v2\/posts\/71780"}],"collection":[{"href":"https:\/\/archive.sana.sy\/es\/index.php?rest_route=\/wp\/v2\/posts"}],"about":[{"href":"https:\/\/archive.sana.sy\/es\/index.php?rest_route=\/wp\/v2\/types\/post"}],"author":[{"embeddable":true,"href":"https:\/\/archive.sana.sy\/es\/index.php?rest_route=\/wp\/v2\/users\/1"}],"replies":[{"embeddable":true,"href":"https:\/\/archive.sana.sy\/es\/index.php?rest_route=%2Fwp%2Fv2%2Fcomments&post=71780"}],"version-history":[{"count":0,"href":"https:\/\/archive.sana.sy\/es\/index.php?rest_route=\/wp\/v2\/posts\/71780\/revisions"}],"wp:featuredmedia":[{"embeddable":true,"href":"https:\/\/archive.sana.sy\/es\/index.php?rest_route=\/wp\/v2\/media\/71782"}],"wp:attachment":[{"href":"https:\/\/archive.sana.sy\/es\/index.php?rest_route=%2Fwp%2Fv2%2Fmedia&parent=71780"}],"wp:term":[{"taxonomy":"category","embeddable":true,"href":"https:\/\/archive.sana.sy\/es\/index.php?rest_route=%2Fwp%2Fv2%2Fcategories&post=71780"},{"taxonomy":"post_tag","embeddable":true,"href":"https:\/\/archive.sana.sy\/es\/index.php?rest_route=%2Fwp%2Fv2%2Ftags&post=71780"}],"curies":[{"name":"wp","href":"https:\/\/api.w.org\/{rel}","templated":true}]}}