{"id":71785,"date":"2017-10-31T17:15:43","date_gmt":"2017-10-31T15:15:43","guid":{"rendered":"http:\/\/www.sana.sy\/es\/?p=71785"},"modified":"2017-10-31T17:15:43","modified_gmt":"2017-10-31T15:15:43","slug":"canciller-tunecino-reitera-postura-de-su-pais-en-apoyo-al-arreglo-politico-en-siria","status":"publish","type":"post","link":"https:\/\/archive.sana.sy\/es\/?p=71785","title":{"rendered":"Canciller tunecino reitera postura de su pa\u00eds en apoyo al arreglo pol\u00edtico en Siria"},"content":{"rendered":"<p><span style=\"color: #800000\">Nueva Delhi, SANA<\/span><\/p>\n<p>El canciller de T\u00fanez, Khamis al-Yhenawi, reiter\u00f3 el apoyo de su pa\u00eds a una soluci\u00f3n pol\u00edtica de la crisis en Siria alcanzada por el propio pueblo sirio.<\/p>\n<p>En declaraciones concedidas este martes a la agencia de SANA, el jefe de la diplomacia tunecina se\u00f1al\u00f3 que T\u00fanez anhela el restablecimiento de la seguridad en Siria y la reanudaci\u00f3n de las buenas relaciones entre los dos pueblos hermanos.<\/p>\n<p>La finalizaci\u00f3n de la guerra en Siria ayudar\u00e1 a la normalizaci\u00f3n de las relaciones binacionales, asever\u00f3.<\/p>\n<p>Varios partidos y personalidades de T\u00fanez han visitado recientemente a Siria para solidarizarse con ella frente al terrorismo y a la suspensi\u00f3n de los v\u00ednculos diplom\u00e1ticos entre ambos pa\u00edses.<\/p>\n<p>Es de se\u00f1alar que el Canciller tunecino realiza una visita oficial a la India para participar en las reuniones de la Comisi\u00f3n mixta Indio Tunecina.<\/p>\n<p>&nbsp;<\/p>\n<p>Lynn A.<\/p>\n","protected":false},"excerpt":{"rendered":"<p>Nueva Delhi, SANA El canciller de T\u00fanez, Khamis al-Yhenawi, reiter\u00f3 el apoyo de su pa\u00eds a una soluci\u00f3n pol\u00edtica de la crisis en Siria alcanzada por el propio pueblo sirio. En declaraciones concedidas este martes a la agencia de SANA, el jefe de la diplomacia tunecina se\u00f1al\u00f3 que T\u00fanez anhela el restablecimiento de la seguridad &hellip;<\/p>\n","protected":false},"author":24,"featured_media":71782,"comment_status":"closed","ping_status":"closed","sticky":false,"template":"","format":"standard","meta":{"footnotes":""},"categories":[467,7541],"tags":[],"class_list":["post-71785","post","type-post","status-publish","format-standard","has-post-thumbnail","","category-siria-y-el-mundo","category-ultimas-noticias"],"_links":{"self":[{"href":"https:\/\/archive.sana.sy\/es\/index.php?rest_route=\/wp\/v2\/posts\/71785"}],"collection":[{"href":"https:\/\/archive.sana.sy\/es\/index.php?rest_route=\/wp\/v2\/posts"}],"about":[{"href":"https:\/\/archive.sana.sy\/es\/index.php?rest_route=\/wp\/v2\/types\/post"}],"author":[{"embeddable":true,"href":"https:\/\/archive.sana.sy\/es\/index.php?rest_route=\/wp\/v2\/users\/24"}],"replies":[{"embeddable":true,"href":"https:\/\/archive.sana.sy\/es\/index.php?rest_route=%2Fwp%2Fv2%2Fcomments&post=71785"}],"version-history":[{"count":0,"href":"https:\/\/archive.sana.sy\/es\/index.php?rest_route=\/wp\/v2\/posts\/71785\/revisions"}],"wp:featuredmedia":[{"embeddable":true,"href":"https:\/\/archive.sana.sy\/es\/index.php?rest_route=\/wp\/v2\/media\/71782"}],"wp:attachment":[{"href":"https:\/\/archive.sana.sy\/es\/index.php?rest_route=%2Fwp%2Fv2%2Fmedia&parent=71785"}],"wp:term":[{"taxonomy":"category","embeddable":true,"href":"https:\/\/archive.sana.sy\/es\/index.php?rest_route=%2Fwp%2Fv2%2Fcategories&post=71785"},{"taxonomy":"post_tag","embeddable":true,"href":"https:\/\/archive.sana.sy\/es\/index.php?rest_route=%2Fwp%2Fv2%2Ftags&post=71785"}],"curies":[{"name":"wp","href":"https:\/\/api.w.org\/{rel}","templated":true}]}}