{"id":71788,"date":"2017-10-31T17:20:07","date_gmt":"2017-10-31T15:20:07","guid":{"rendered":"http:\/\/www.sana.sy\/es\/?p=71788"},"modified":"2017-10-31T17:21:07","modified_gmt":"2017-10-31T15:21:07","slug":"seis-heridos-en-nuevos-ataques-con-mortero-contra-la-capital-damasco","status":"publish","type":"post","link":"https:\/\/archive.sana.sy\/es\/?p=71788","title":{"rendered":"Seis heridos en nuevos ataques con mortero contra la capital Damasco"},"content":{"rendered":"<p><span style=\"color: #800000\">Damasco, SANA<\/span><\/p>\n<p>Seis personas resultaron heridas este martes en ataques lanzados por grupos armados contra varios barrios de Damasco.<\/p>\n<p>Una fuente policial precis\u00f3 que grupos armados que mantienen posiciones en Ghouta Oriental dispararon esta tarde varios proyectiles de mortero contra el barrio de al-Shaghour, lo que caus\u00f3 seis heridos y da\u00f1os materiales en algunas casas. Tambi\u00e9n un proyectil impact\u00f3 en el \u00e1rea de al-Abbassiyin dejando solamente da\u00f1os materiales.<\/p>\n<p>Desde su entrada en vigor el 22 del pasado mes de julio, los grupos armados han violado en varias ocasiones el acuerdo de zonas de distenci\u00f3n en Ghouta Oriental.<\/p>\n<p>Lynn A.<\/p>\n","protected":false},"excerpt":{"rendered":"<p>Damasco, SANA Seis personas resultaron heridas este martes en ataques lanzados por grupos armados contra varios barrios de Damasco. Una fuente policial precis\u00f3 que grupos armados que mantienen posiciones en Ghouta Oriental dispararon esta tarde varios proyectiles de mortero contra el barrio de al-Shaghour, lo que caus\u00f3 seis heridos y da\u00f1os materiales en algunas casas. &hellip;<\/p>\n","protected":false},"author":24,"featured_media":71789,"comment_status":"closed","ping_status":"closed","sticky":false,"template":"","format":"standard","meta":{"footnotes":""},"categories":[597,573,7541],"tags":[],"class_list":["post-71788","post","type-post","status-publish","format-standard","has-post-thumbnail","","category-cinta-de-noticias","category-la-realidad-de-los-acontecimientos-en-siria","category-ultimas-noticias"],"_links":{"self":[{"href":"https:\/\/archive.sana.sy\/es\/index.php?rest_route=\/wp\/v2\/posts\/71788"}],"collection":[{"href":"https:\/\/archive.sana.sy\/es\/index.php?rest_route=\/wp\/v2\/posts"}],"about":[{"href":"https:\/\/archive.sana.sy\/es\/index.php?rest_route=\/wp\/v2\/types\/post"}],"author":[{"embeddable":true,"href":"https:\/\/archive.sana.sy\/es\/index.php?rest_route=\/wp\/v2\/users\/24"}],"replies":[{"embeddable":true,"href":"https:\/\/archive.sana.sy\/es\/index.php?rest_route=%2Fwp%2Fv2%2Fcomments&post=71788"}],"version-history":[{"count":0,"href":"https:\/\/archive.sana.sy\/es\/index.php?rest_route=\/wp\/v2\/posts\/71788\/revisions"}],"wp:featuredmedia":[{"embeddable":true,"href":"https:\/\/archive.sana.sy\/es\/index.php?rest_route=\/wp\/v2\/media\/71789"}],"wp:attachment":[{"href":"https:\/\/archive.sana.sy\/es\/index.php?rest_route=%2Fwp%2Fv2%2Fmedia&parent=71788"}],"wp:term":[{"taxonomy":"category","embeddable":true,"href":"https:\/\/archive.sana.sy\/es\/index.php?rest_route=%2Fwp%2Fv2%2Fcategories&post=71788"},{"taxonomy":"post_tag","embeddable":true,"href":"https:\/\/archive.sana.sy\/es\/index.php?rest_route=%2Fwp%2Fv2%2Ftags&post=71788"}],"curies":[{"name":"wp","href":"https:\/\/api.w.org\/{rel}","templated":true}]}}