{"id":71912,"date":"2017-11-02T13:13:47","date_gmt":"2017-11-02T11:13:47","guid":{"rendered":"http:\/\/www.sana.sy\/es\/?p=71912"},"modified":"2017-11-02T13:13:47","modified_gmt":"2017-11-02T11:13:47","slug":"moscu-asegura-que-las-alegaciones-de-la-coalicion-sobre-deir-ezzor-son-absurdas","status":"publish","type":"post","link":"https:\/\/archive.sana.sy\/es\/?p=71912","title":{"rendered":"Mosc\u00fa asegura que las alegaciones de la Coalici\u00f3n sobre Deir Ezzor son &#8220;absurdas&#8221;"},"content":{"rendered":"<p><span style=\"color: #800000;\">Mosc\u00fa, SANA<\/span><\/p>\n<p>El vocero oficial del Ministerio de Defensa de Rusia, \u00cdgor Konash\u00e9nkov, calific\u00f3 de &#8220;absurdo geogr\u00e1fico&#8221; las recientes declaraciones del general y comandante de las operaciones especiales de la coalici\u00f3n de EE.UU., James Jarrard, sobre la situaci\u00f3n militar en el este de Siria tras la liberaci\u00f3n de la ciudad de Deir Ezzor.<\/p>\n<p>Citado por la cadena &#8220;Rusia Today&#8221;, Konash\u00e9nkov coment\u00f3 que la mayor\u00eda de los miembros de la coalici\u00f3n apoyada por EE.UU. tienden a &#8220;presentar lo deseable como si fuera realidad&#8221;, al mismo tiempo haci\u00e9ndolo &#8220;sin conocimiento alguno de la situaci\u00f3n real sobre el terreno&#8221;.<\/p>\n<p>Adem\u00e1s, Konash\u00e9nkov hizo hincapi\u00e9 en que el general James Jarrard &#8220;super\u00f3 a todos sus colegas en sus fantas\u00edas sobre lo que est\u00e1 sucediendo al este de Siria&#8221;.<\/p>\n<p>Tambi\u00e9n record\u00f3 a sus colegas estadounidenses que la ciudad de Mayadeen, ubicada a unos 40 kil\u00f3metros al sur de Deir Ezzor, hace unas dos semanas fue liberada de los terroristas del Estado Isl\u00e1mico.<\/p>\n<p>El militar destac\u00f3 que &#8220;por eso miles de sirios no &#8220;huyen&#8221; de Deir Ezzor a Mayadeen, sino que vuelven a sus hogares con la ayuda humanitaria que se entrega por el Centro Ruso para la Reconciliaci\u00f3n de las Partes en Conflicto en Siria y las organizaciones internacionales humanitarias&#8221;.<\/p>\n<p>Asimismo, Konash\u00e9nkov a\u00f1adi\u00f3 que &#8220;no hay sirios que quieran huir de Deir Ezzor hacia la ciudad liberada de Raqqa porque ni siquiera queda algo de Raqa despu\u00e9s del bombardeo de la coalici\u00f3n internacional liderada por EE.UU.&#8221;.<\/p>\n<p><span style=\"color: #0000ff;\">F. Marouf\/ Dr. A. Shaban<\/span><\/p>\n","protected":false},"excerpt":{"rendered":"<p>Mosc\u00fa, SANA El vocero oficial del Ministerio de Defensa de Rusia, \u00cdgor Konash\u00e9nkov, calific\u00f3 de &#8220;absurdo geogr\u00e1fico&#8221; las recientes declaraciones del general y comandante de las operaciones especiales de la coalici\u00f3n de EE.UU., James Jarrard, sobre la situaci\u00f3n militar en el este de Siria tras la liberaci\u00f3n de la ciudad de Deir Ezzor. Citado por &hellip;<\/p>\n","protected":false},"author":1,"featured_media":71913,"comment_status":"closed","ping_status":"closed","sticky":false,"template":"","format":"standard","meta":{"footnotes":""},"categories":[597,573,583,7541],"tags":[10973],"class_list":["post-71912","post","type-post","status-publish","format-standard","has-post-thumbnail","","category-cinta-de-noticias","category-la-realidad-de-los-acontecimientos-en-siria","category-slide","category-ultimas-noticias","tag-moscu-asegura-que-las-alegaciones-de-la-coalicion-sobre-deir-ezzor-son-absurdas"],"_links":{"self":[{"href":"https:\/\/archive.sana.sy\/es\/index.php?rest_route=\/wp\/v2\/posts\/71912"}],"collection":[{"href":"https:\/\/archive.sana.sy\/es\/index.php?rest_route=\/wp\/v2\/posts"}],"about":[{"href":"https:\/\/archive.sana.sy\/es\/index.php?rest_route=\/wp\/v2\/types\/post"}],"author":[{"embeddable":true,"href":"https:\/\/archive.sana.sy\/es\/index.php?rest_route=\/wp\/v2\/users\/1"}],"replies":[{"embeddable":true,"href":"https:\/\/archive.sana.sy\/es\/index.php?rest_route=%2Fwp%2Fv2%2Fcomments&post=71912"}],"version-history":[{"count":0,"href":"https:\/\/archive.sana.sy\/es\/index.php?rest_route=\/wp\/v2\/posts\/71912\/revisions"}],"wp:featuredmedia":[{"embeddable":true,"href":"https:\/\/archive.sana.sy\/es\/index.php?rest_route=\/wp\/v2\/media\/71913"}],"wp:attachment":[{"href":"https:\/\/archive.sana.sy\/es\/index.php?rest_route=%2Fwp%2Fv2%2Fmedia&parent=71912"}],"wp:term":[{"taxonomy":"category","embeddable":true,"href":"https:\/\/archive.sana.sy\/es\/index.php?rest_route=%2Fwp%2Fv2%2Fcategories&post=71912"},{"taxonomy":"post_tag","embeddable":true,"href":"https:\/\/archive.sana.sy\/es\/index.php?rest_route=%2Fwp%2Fv2%2Ftags&post=71912"}],"curies":[{"name":"wp","href":"https:\/\/api.w.org\/{rel}","templated":true}]}}