{"id":71915,"date":"2017-11-02T13:45:33","date_gmt":"2017-11-02T11:45:33","guid":{"rendered":"http:\/\/www.sana.sy\/es\/?p=71915"},"modified":"2017-11-02T13:45:33","modified_gmt":"2017-11-02T11:45:33","slug":"embajador-libanes-designado-en-siria-asegura-que-trabajara-por-el-bien-de-los-dos-paises-hermanos","status":"publish","type":"post","link":"https:\/\/archive.sana.sy\/es\/?p=71915","title":{"rendered":"Embajador liban\u00e9s designado en Siria asegura que trabajar\u00e1 por el bien de los dos pa\u00edses hermanos"},"content":{"rendered":"<p><span style=\"color: #800000;\">Beirut, SANA<\/span><\/p>\n<p>El embajador liban\u00e9s designado en Siria, Saad Zakhia, afirm\u00f3 que trabajar\u00e1 en beneficio de los dos pa\u00edses hermanos.<\/p>\n<p>En declaraciones al canal liban\u00e9s &#8220;Al-Manar&#8221;, Zakhia dijo: &#8220;estoy feliz porque trabajar\u00e9 en Damasco donde sentir\u00e9 como si fuera en casa. Trabajar\u00e9 por el bien de los dos pueblos hermanos; y agradezco a las autoridades sirias por el recibimiento&#8221;.<\/p>\n<p><span style=\"color: #0000ff;\">F. Marouf\/ Dr. A. Shaban<\/span><\/p>\n","protected":false},"excerpt":{"rendered":"<p>Beirut, SANA El embajador liban\u00e9s designado en Siria, Saad Zakhia, afirm\u00f3 que trabajar\u00e1 en beneficio de los dos pa\u00edses hermanos. En declaraciones al canal liban\u00e9s &#8220;Al-Manar&#8221;, Zakhia dijo: &#8220;estoy feliz porque trabajar\u00e9 en Damasco donde sentir\u00e9 como si fuera en casa. Trabajar\u00e9 por el bien de los dos pueblos hermanos; y agradezco a las autoridades &hellip;<\/p>\n","protected":false},"author":1,"featured_media":71916,"comment_status":"closed","ping_status":"closed","sticky":false,"template":"","format":"standard","meta":{"footnotes":""},"categories":[597,456,7541],"tags":[10974],"class_list":["post-71915","post","type-post","status-publish","format-standard","has-post-thumbnail","","category-cinta-de-noticias","category-arabe-internacional-politica","category-ultimas-noticias","tag-embajador-libanes-designado-en-siria-asegura-que-trabajara-por-el-bien-de-los-dos-paises-hermanos"],"_links":{"self":[{"href":"https:\/\/archive.sana.sy\/es\/index.php?rest_route=\/wp\/v2\/posts\/71915"}],"collection":[{"href":"https:\/\/archive.sana.sy\/es\/index.php?rest_route=\/wp\/v2\/posts"}],"about":[{"href":"https:\/\/archive.sana.sy\/es\/index.php?rest_route=\/wp\/v2\/types\/post"}],"author":[{"embeddable":true,"href":"https:\/\/archive.sana.sy\/es\/index.php?rest_route=\/wp\/v2\/users\/1"}],"replies":[{"embeddable":true,"href":"https:\/\/archive.sana.sy\/es\/index.php?rest_route=%2Fwp%2Fv2%2Fcomments&post=71915"}],"version-history":[{"count":0,"href":"https:\/\/archive.sana.sy\/es\/index.php?rest_route=\/wp\/v2\/posts\/71915\/revisions"}],"wp:featuredmedia":[{"embeddable":true,"href":"https:\/\/archive.sana.sy\/es\/index.php?rest_route=\/wp\/v2\/media\/71916"}],"wp:attachment":[{"href":"https:\/\/archive.sana.sy\/es\/index.php?rest_route=%2Fwp%2Fv2%2Fmedia&parent=71915"}],"wp:term":[{"taxonomy":"category","embeddable":true,"href":"https:\/\/archive.sana.sy\/es\/index.php?rest_route=%2Fwp%2Fv2%2Fcategories&post=71915"},{"taxonomy":"post_tag","embeddable":true,"href":"https:\/\/archive.sana.sy\/es\/index.php?rest_route=%2Fwp%2Fv2%2Ftags&post=71915"}],"curies":[{"name":"wp","href":"https:\/\/api.w.org\/{rel}","templated":true}]}}