{"id":71918,"date":"2017-11-02T13:54:16","date_gmt":"2017-11-02T11:54:16","guid":{"rendered":"http:\/\/www.sana.sy\/es\/?p=71918"},"modified":"2017-11-02T13:54:16","modified_gmt":"2017-11-02T11:54:16","slug":"rusia-asegura-que-informe-de-la-opaq-onu-sobre-siria-no-fue-objetivo-ni-imparcial","status":"publish","type":"post","link":"https:\/\/archive.sana.sy\/es\/?p=71918","title":{"rendered":"Rusia asegura que informe de la OPAQ-ONU sobre Siria no fue objetivo ni imparcial"},"content":{"rendered":"<p><span style=\"color: #800000;\">Mosc\u00fa, SANA<\/span><\/p>\n<p>El director del Departamento de No Proliferaci\u00f3n y Control de Armas de la Canciller\u00eda rusa, Mija\u00edl Uli\u00e1nov, declar\u00f3 que las expectativas de Rusia de que el informe del Mecanismo Conjunto de Investigaci\u00f3n de la OPAQ y la ONU sobre Siria fuera objetivo e imparcial, no se han cumplido.<\/p>\n<p>En una rueda de prensa conjunta con el Ministerio de Defensa dedicada al an\u00e1lisis del s\u00e9ptimo informe ONU-OPAQ, Uli\u00e1nov dijo que el informe de la misi\u00f3n conjunta de la ONU y la OPAQ, sobre el uso de armas qu\u00edmicas en Siria dista de ser profesional y parece m\u00e1s una obra de aficionados&#8221;<\/p>\n<p>Record\u00f3 que la investigaci\u00f3n de la ONU y la OPAQ se llev\u00f3 a cabo &#8220;a distancia, en las oficinas de Nueva York y La Haya y en los territorios de los pa\u00edses vecinos con Siria, y todo ello afect\u00f3 la calidad de la investigaci\u00f3n, que result\u00f3 muy baja&#8221;.<\/p>\n<p>Asimismo el diplom\u00e1tico se\u00f1al\u00f3 que la OPAQ prefiri\u00f3 realizar esta investigaci\u00f3n a distancia alegando de seguridad, y denunci\u00f3 que estamos ante un esc\u00e1ndalo y un intento evidente de confundir a la comunidad internacional&#8221;.<\/p>\n<p><span style=\"color: #0000ff;\">F. Marouf\/ Dr. A. Shaban<\/span><\/p>\n","protected":false},"excerpt":{"rendered":"<p>Mosc\u00fa, SANA El director del Departamento de No Proliferaci\u00f3n y Control de Armas de la Canciller\u00eda rusa, Mija\u00edl Uli\u00e1nov, declar\u00f3 que las expectativas de Rusia de que el informe del Mecanismo Conjunto de Investigaci\u00f3n de la OPAQ y la ONU sobre Siria fuera objetivo e imparcial, no se han cumplido. En una rueda de prensa &hellip;<\/p>\n","protected":false},"author":1,"featured_media":71919,"comment_status":"closed","ping_status":"closed","sticky":false,"template":"","format":"standard","meta":{"footnotes":""},"categories":[597,573,467,583,7541],"tags":[10975],"class_list":["post-71918","post","type-post","status-publish","format-standard","has-post-thumbnail","","category-cinta-de-noticias","category-la-realidad-de-los-acontecimientos-en-siria","category-siria-y-el-mundo","category-slide","category-ultimas-noticias","tag-rusia-asegura-que-informe-de-la-opaq-onu-sobre-siria-no-fue-objetivo-ni-imparcial"],"_links":{"self":[{"href":"https:\/\/archive.sana.sy\/es\/index.php?rest_route=\/wp\/v2\/posts\/71918"}],"collection":[{"href":"https:\/\/archive.sana.sy\/es\/index.php?rest_route=\/wp\/v2\/posts"}],"about":[{"href":"https:\/\/archive.sana.sy\/es\/index.php?rest_route=\/wp\/v2\/types\/post"}],"author":[{"embeddable":true,"href":"https:\/\/archive.sana.sy\/es\/index.php?rest_route=\/wp\/v2\/users\/1"}],"replies":[{"embeddable":true,"href":"https:\/\/archive.sana.sy\/es\/index.php?rest_route=%2Fwp%2Fv2%2Fcomments&post=71918"}],"version-history":[{"count":0,"href":"https:\/\/archive.sana.sy\/es\/index.php?rest_route=\/wp\/v2\/posts\/71918\/revisions"}],"wp:featuredmedia":[{"embeddable":true,"href":"https:\/\/archive.sana.sy\/es\/index.php?rest_route=\/wp\/v2\/media\/71919"}],"wp:attachment":[{"href":"https:\/\/archive.sana.sy\/es\/index.php?rest_route=%2Fwp%2Fv2%2Fmedia&parent=71918"}],"wp:term":[{"taxonomy":"category","embeddable":true,"href":"https:\/\/archive.sana.sy\/es\/index.php?rest_route=%2Fwp%2Fv2%2Fcategories&post=71918"},{"taxonomy":"post_tag","embeddable":true,"href":"https:\/\/archive.sana.sy\/es\/index.php?rest_route=%2Fwp%2Fv2%2Ftags&post=71918"}],"curies":[{"name":"wp","href":"https:\/\/api.w.org\/{rel}","templated":true}]}}