{"id":71922,"date":"2017-11-02T18:14:38","date_gmt":"2017-11-02T16:14:38","guid":{"rendered":"http:\/\/www.sana.sy\/es\/?p=71922"},"modified":"2017-11-02T18:14:38","modified_gmt":"2017-11-02T16:14:38","slug":"comite-olimpico-internacional-condecora-al-nadador-sirio-moualla","status":"publish","type":"post","link":"https:\/\/archive.sana.sy\/es\/?p=71922","title":{"rendered":"Comit\u00e9 Ol\u00edmpico Internacional condecora al nadador sirio Moualla"},"content":{"rendered":"<p>Damasco, SANA<\/p>\n<p>El Comit\u00e9 Ol\u00edmpico Internacional y la Federaci\u00f3n de los Comit\u00e9s Ol\u00edmpicos Nacionales del Mundo condecoraron este jueves al nadador sirio internacional, Firas Moualla en la capital checa Praga.<\/p>\n<p>Este m\u00e9rito fue concedido en reconocimiento a la actividad del Comit\u00e9 Ol\u00edmpico Sirio y por la medalla de bronce que se gan\u00f3 Moualla en las Competiciones Mundiales de Nataci\u00f3n Masters que se desarrollaron el 11 del pasado mes de agosto en Hungr\u00eda.<\/p>\n<p>Moualla obsequi\u00f3 el premio a todos los atletas sirios, resaltando los destacados logros realizados por de los deportistas sirios en el \u00faltimo periodo a nivel internacional.<\/p>\n<p>A\u00f1adi\u00f3 que esta condecoraci\u00f3n le animar\u00e1 para alcanzar m\u00e1s logros como nadador y como secretario general del Comit\u00e9 Ol\u00edmpico Nacional.<\/p>\n<p>Es de se\u00f1alar que Moualla se prepara para participar en una serie de competiciones internacionales en la nataci\u00f3n en agua abierta para categor\u00eda Masters, las cuales tendr\u00e1 lugar a principios del pr\u00f3ximo a\u00f1o.<\/p>\n<p>&nbsp;<\/p>\n<p>L. A.<\/p>\n","protected":false},"excerpt":{"rendered":"<p>Damasco, SANA El Comit\u00e9 Ol\u00edmpico Internacional y la Federaci\u00f3n de los Comit\u00e9s Ol\u00edmpicos Nacionales del Mundo condecoraron este jueves al nadador sirio internacional, Firas Moualla en la capital checa Praga. Este m\u00e9rito fue concedido en reconocimiento a la actividad del Comit\u00e9 Ol\u00edmpico Sirio y por la medalla de bronce que se gan\u00f3 Moualla en las &hellip;<\/p>\n","protected":false},"author":1,"featured_media":71923,"comment_status":"closed","ping_status":"closed","sticky":false,"template":"","format":"standard","meta":{"footnotes":""},"categories":[477,494,476],"tags":[],"class_list":["post-71922","post","type-post","status-publish","format-standard","has-post-thumbnail","","category-noticias-edulcorantes","category-deportes","category-locales"],"_links":{"self":[{"href":"https:\/\/archive.sana.sy\/es\/index.php?rest_route=\/wp\/v2\/posts\/71922"}],"collection":[{"href":"https:\/\/archive.sana.sy\/es\/index.php?rest_route=\/wp\/v2\/posts"}],"about":[{"href":"https:\/\/archive.sana.sy\/es\/index.php?rest_route=\/wp\/v2\/types\/post"}],"author":[{"embeddable":true,"href":"https:\/\/archive.sana.sy\/es\/index.php?rest_route=\/wp\/v2\/users\/1"}],"replies":[{"embeddable":true,"href":"https:\/\/archive.sana.sy\/es\/index.php?rest_route=%2Fwp%2Fv2%2Fcomments&post=71922"}],"version-history":[{"count":0,"href":"https:\/\/archive.sana.sy\/es\/index.php?rest_route=\/wp\/v2\/posts\/71922\/revisions"}],"wp:featuredmedia":[{"embeddable":true,"href":"https:\/\/archive.sana.sy\/es\/index.php?rest_route=\/wp\/v2\/media\/71923"}],"wp:attachment":[{"href":"https:\/\/archive.sana.sy\/es\/index.php?rest_route=%2Fwp%2Fv2%2Fmedia&parent=71922"}],"wp:term":[{"taxonomy":"category","embeddable":true,"href":"https:\/\/archive.sana.sy\/es\/index.php?rest_route=%2Fwp%2Fv2%2Fcategories&post=71922"},{"taxonomy":"post_tag","embeddable":true,"href":"https:\/\/archive.sana.sy\/es\/index.php?rest_route=%2Fwp%2Fv2%2Ftags&post=71922"}],"curies":[{"name":"wp","href":"https:\/\/api.w.org\/{rel}","templated":true}]}}