{"id":71954,"date":"2017-11-03T13:50:46","date_gmt":"2017-11-03T11:50:46","guid":{"rendered":"http:\/\/www.sana.sy\/es\/?p=71954"},"modified":"2017-11-03T14:53:05","modified_gmt":"2017-11-03T12:53:05","slug":"comando-general-del-ejercito-continuaremos-la-guerra-contra-los-remanentes-terroristas-de-daesh-hasta-restablecer-la-seguridad-en-todo-el-territorio-sirio","status":"publish","type":"post","link":"https:\/\/archive.sana.sy\/es\/?p=71954","title":{"rendered":"Comando General del Ej\u00e9rcito: &#8220;continuaremos la guerra contra los remanentes terroristas de Daesh hasta restablecer la seguridad en todo el territorio sirio&#8221;."},"content":{"rendered":"<p>&nbsp;<\/p>\n<p><span style=\"color: #800000;\">Damasco \u2013SANA<\/span><\/p>\n<p>El Comando General del Ej\u00e9rcito y de las Fuerzas Armadas inform\u00f3 que las unidades del Ej\u00e9rcito, en colaboraci\u00f3n con las fuerzas aliadas y tras una serie de operaciones precisas, restablecieron la seguridad y la estabilidad en la ciudad de Deir Ezzor por completo.<\/p>\n<p>El Comando del Ej\u00e9rcito dijo en un comunicado que la importancia de restablecer la seguridad y la estabilidad en la ciudad viene de la posici\u00f3n estrat\u00e9gica de la ciudad, por que forma un enlace entre la zona oriental y las zonas del norte y del centro, y un paso principal desde el desierto sirio hasta Irak, adem\u00e1s de su importancia econ\u00f3mica como zona agr\u00edcola y estrat\u00e9gica por su riqueza en petr\u00f3leo y gas.<\/p>\n<p>El Comando General subray\u00f3 que la guerra se contin\u00faa contra los remanentes terroristas de Daesh y otros grupos terroristas hasta restablecer la seguridad y la estabilidad en todo el territorio sirio.<\/p>\n<p>El Comando General se\u00f1al\u00f3 que la liberaci\u00f3n de Deir Ezzor se considera la \u00faltima fase en la erradicaci\u00f3n definitiva de la organizaci\u00f3n terrorista de Daesh en Siria, y con ello esta organizaci\u00f3n terrorista pierde su capacidad por completo a dirigir las operaciones terroristas de sus grupos que ya son aislados y cercados en el campo oriental de la provincia.<\/p>\n<p>&nbsp;<\/p>\n<p><span style=\"color: #0000ff;\">Akram. S<\/span><\/p>\n","protected":false},"excerpt":{"rendered":"<p>&nbsp; Damasco \u2013SANA El Comando General del Ej\u00e9rcito y de las Fuerzas Armadas inform\u00f3 que las unidades del Ej\u00e9rcito, en colaboraci\u00f3n con las fuerzas aliadas y tras una serie de operaciones precisas, restablecieron la seguridad y la estabilidad en la ciudad de Deir Ezzor por completo. El Comando del Ej\u00e9rcito dijo en un comunicado que &hellip;<\/p>\n","protected":false},"author":1,"featured_media":71955,"comment_status":"closed","ping_status":"closed","sticky":false,"template":"","format":"standard","meta":{"footnotes":""},"categories":[597,573,583,7541],"tags":[],"class_list":["post-71954","post","type-post","status-publish","format-standard","has-post-thumbnail","","category-cinta-de-noticias","category-la-realidad-de-los-acontecimientos-en-siria","category-slide","category-ultimas-noticias"],"_links":{"self":[{"href":"https:\/\/archive.sana.sy\/es\/index.php?rest_route=\/wp\/v2\/posts\/71954"}],"collection":[{"href":"https:\/\/archive.sana.sy\/es\/index.php?rest_route=\/wp\/v2\/posts"}],"about":[{"href":"https:\/\/archive.sana.sy\/es\/index.php?rest_route=\/wp\/v2\/types\/post"}],"author":[{"embeddable":true,"href":"https:\/\/archive.sana.sy\/es\/index.php?rest_route=\/wp\/v2\/users\/1"}],"replies":[{"embeddable":true,"href":"https:\/\/archive.sana.sy\/es\/index.php?rest_route=%2Fwp%2Fv2%2Fcomments&post=71954"}],"version-history":[{"count":0,"href":"https:\/\/archive.sana.sy\/es\/index.php?rest_route=\/wp\/v2\/posts\/71954\/revisions"}],"wp:featuredmedia":[{"embeddable":true,"href":"https:\/\/archive.sana.sy\/es\/index.php?rest_route=\/wp\/v2\/media\/71955"}],"wp:attachment":[{"href":"https:\/\/archive.sana.sy\/es\/index.php?rest_route=%2Fwp%2Fv2%2Fmedia&parent=71954"}],"wp:term":[{"taxonomy":"category","embeddable":true,"href":"https:\/\/archive.sana.sy\/es\/index.php?rest_route=%2Fwp%2Fv2%2Fcategories&post=71954"},{"taxonomy":"post_tag","embeddable":true,"href":"https:\/\/archive.sana.sy\/es\/index.php?rest_route=%2Fwp%2Fv2%2Ftags&post=71954"}],"curies":[{"name":"wp","href":"https:\/\/api.w.org\/{rel}","templated":true}]}}