{"id":71957,"date":"2017-11-03T14:39:51","date_gmt":"2017-11-03T12:39:51","guid":{"rendered":"http:\/\/www.sana.sy\/es\/?p=71957"},"modified":"2017-11-03T14:39:51","modified_gmt":"2017-11-03T12:39:51","slug":"lavrov-las-invitaciones-a-una-conferencia-de-dialogo-nacional-sirio-fueron-enviadas-y-esta-previsto-un-alto-nivel-de-representacion","status":"publish","type":"post","link":"https:\/\/archive.sana.sy\/es\/?p=71957","title":{"rendered":"Lavrov: las invitaciones a una conferencia de di\u00e1logo nacional sirio fueron enviadas y est\u00e1 previsto un alto nivel de representaci\u00f3n"},"content":{"rendered":"<p>&nbsp;<\/p>\n<p><span style=\"color: #800000;\">Mosc\u00fa-SANA<\/span><\/p>\n<p>El ministro de Exteriores ruso, Sergeui Lavrov, inform\u00f3 que las invitaciones a participar en la conferencia nacional siria fueron enviadas al gobierno sirio, y a todas las fuerzas de oposici\u00f3n dentro y fuera de Siria.<\/p>\n<p>Durante una rueda de prensa conjunta tras su encuentro con el Secretario General de la Organizaci\u00f3n de Seguridad y Colaboraci\u00f3n Thomas Greminger en Mosc\u00fa, el ministro de Exteriores ruso dijo que las invitaciones para asistir a la conferencia de di\u00e1logo nacional fueron enviadas al gobierno sirio y a todas las fuerzas de oposici\u00f3n dentro y fuera de Siria.<\/p>\n<p>La conferencia prevista a celebrarse en Rusia puede ser el primer intento de cumplir la resoluci\u00f3n 2254, que exige a la comunidad internacional ofrecer todas las ayudas posibles a los sirios en organizar un di\u00e1logo nacional integral para alcanzar un acuerdo sobre una soluci\u00f3n pol\u00edtica.<\/p>\n<p>Lavrov subray\u00f3 que seg\u00fan las respuestas a las invitaciones se ve que el nivel de representaci\u00f3n es alto, y la fecha de la celebraci\u00f3n de tal conferencia se anunciar\u00e1 pronto.<\/p>\n<p>&nbsp;<\/p>\n<p><span style=\"color: #0000ff;\">Akram. S<\/span><\/p>\n","protected":false},"excerpt":{"rendered":"<p>&nbsp; Mosc\u00fa-SANA El ministro de Exteriores ruso, Sergeui Lavrov, inform\u00f3 que las invitaciones a participar en la conferencia nacional siria fueron enviadas al gobierno sirio, y a todas las fuerzas de oposici\u00f3n dentro y fuera de Siria. Durante una rueda de prensa conjunta tras su encuentro con el Secretario General de la Organizaci\u00f3n de Seguridad &hellip;<\/p>\n","protected":false},"author":1,"featured_media":71958,"comment_status":"closed","ping_status":"closed","sticky":false,"template":"","format":"standard","meta":{"footnotes":""},"categories":[597,467,7541],"tags":[],"class_list":["post-71957","post","type-post","status-publish","format-standard","has-post-thumbnail","","category-cinta-de-noticias","category-siria-y-el-mundo","category-ultimas-noticias"],"_links":{"self":[{"href":"https:\/\/archive.sana.sy\/es\/index.php?rest_route=\/wp\/v2\/posts\/71957"}],"collection":[{"href":"https:\/\/archive.sana.sy\/es\/index.php?rest_route=\/wp\/v2\/posts"}],"about":[{"href":"https:\/\/archive.sana.sy\/es\/index.php?rest_route=\/wp\/v2\/types\/post"}],"author":[{"embeddable":true,"href":"https:\/\/archive.sana.sy\/es\/index.php?rest_route=\/wp\/v2\/users\/1"}],"replies":[{"embeddable":true,"href":"https:\/\/archive.sana.sy\/es\/index.php?rest_route=%2Fwp%2Fv2%2Fcomments&post=71957"}],"version-history":[{"count":0,"href":"https:\/\/archive.sana.sy\/es\/index.php?rest_route=\/wp\/v2\/posts\/71957\/revisions"}],"wp:featuredmedia":[{"embeddable":true,"href":"https:\/\/archive.sana.sy\/es\/index.php?rest_route=\/wp\/v2\/media\/71958"}],"wp:attachment":[{"href":"https:\/\/archive.sana.sy\/es\/index.php?rest_route=%2Fwp%2Fv2%2Fmedia&parent=71957"}],"wp:term":[{"taxonomy":"category","embeddable":true,"href":"https:\/\/archive.sana.sy\/es\/index.php?rest_route=%2Fwp%2Fv2%2Fcategories&post=71957"},{"taxonomy":"post_tag","embeddable":true,"href":"https:\/\/archive.sana.sy\/es\/index.php?rest_route=%2Fwp%2Fv2%2Ftags&post=71957"}],"curies":[{"name":"wp","href":"https:\/\/api.w.org\/{rel}","templated":true}]}}