{"id":71963,"date":"2017-11-03T15:10:17","date_gmt":"2017-11-03T13:10:17","guid":{"rendered":"http:\/\/www.sana.sy\/es\/?p=71963"},"modified":"2017-11-03T15:12:35","modified_gmt":"2017-11-03T13:12:35","slug":"manifestaciones-en-el-golan-sirio-ocupado-contra-el-apoyo-del-enemigo-israeli-al-ataque-de-los-terroristas-de-al-nusra-en-hadar","status":"publish","type":"post","link":"https:\/\/archive.sana.sy\/es\/?p=71963","title":{"rendered":"Manifestaciones en el Gol\u00e1n sirio ocupado contra el apoyo israel\u00ed al ataque de los terroristas de al Nusra en Hadar"},"content":{"rendered":"<p>&nbsp;<\/p>\n<p><span style=\"color: #800000;\">Gol\u00e1n ocupado-SANA<\/span><\/p>\n<p>Los habitantes del Gol\u00e1n sirio ocupado salieron en manifestaciones contra el apoyo del ente israel\u00ed al ataque de los terroristas de al Nusra en Hadar en el campo de Quneitra.<\/p>\n<p>Fuentes civiles del Gol\u00e1n ocupado informaron que cientos de ciudadanos se manifestaron en los territorios ocupados, frente a la localidad de Hadar que sufre un ataque terrorista por parte del Frente de al Nusra con el apoyo de la ocupaci\u00f3n israel\u00ed.<\/p>\n<p>Las fuentes aclararon que los manifestantes intentaron atravesar la l\u00ednea de alto el fuego para apoyar a los habitantes de Hadar contra los ataques terroristas, en medio de grandes refuerzos de los soldados del enemigo israel\u00ed para impedirlos avanzar.<\/p>\n<p>&nbsp;<\/p>\n<p><span style=\"color: #0000ff;\">Akram. S<\/span><\/p>\n<p>&nbsp;<\/p>\n","protected":false},"excerpt":{"rendered":"<p>&nbsp; Gol\u00e1n ocupado-SANA Los habitantes del Gol\u00e1n sirio ocupado salieron en manifestaciones contra el apoyo del ente israel\u00ed al ataque de los terroristas de al Nusra en Hadar en el campo de Quneitra. Fuentes civiles del Gol\u00e1n ocupado informaron que cientos de ciudadanos se manifestaron en los territorios ocupados, frente a la localidad de Hadar &hellip;<\/p>\n","protected":false},"author":1,"featured_media":71964,"comment_status":"closed","ping_status":"closed","sticky":false,"template":"","format":"standard","meta":{"footnotes":""},"categories":[597,476,7541],"tags":[],"class_list":["post-71963","post","type-post","status-publish","format-standard","has-post-thumbnail","","category-cinta-de-noticias","category-locales","category-ultimas-noticias"],"_links":{"self":[{"href":"https:\/\/archive.sana.sy\/es\/index.php?rest_route=\/wp\/v2\/posts\/71963"}],"collection":[{"href":"https:\/\/archive.sana.sy\/es\/index.php?rest_route=\/wp\/v2\/posts"}],"about":[{"href":"https:\/\/archive.sana.sy\/es\/index.php?rest_route=\/wp\/v2\/types\/post"}],"author":[{"embeddable":true,"href":"https:\/\/archive.sana.sy\/es\/index.php?rest_route=\/wp\/v2\/users\/1"}],"replies":[{"embeddable":true,"href":"https:\/\/archive.sana.sy\/es\/index.php?rest_route=%2Fwp%2Fv2%2Fcomments&post=71963"}],"version-history":[{"count":0,"href":"https:\/\/archive.sana.sy\/es\/index.php?rest_route=\/wp\/v2\/posts\/71963\/revisions"}],"wp:featuredmedia":[{"embeddable":true,"href":"https:\/\/archive.sana.sy\/es\/index.php?rest_route=\/wp\/v2\/media\/71964"}],"wp:attachment":[{"href":"https:\/\/archive.sana.sy\/es\/index.php?rest_route=%2Fwp%2Fv2%2Fmedia&parent=71963"}],"wp:term":[{"taxonomy":"category","embeddable":true,"href":"https:\/\/archive.sana.sy\/es\/index.php?rest_route=%2Fwp%2Fv2%2Fcategories&post=71963"},{"taxonomy":"post_tag","embeddable":true,"href":"https:\/\/archive.sana.sy\/es\/index.php?rest_route=%2Fwp%2Fv2%2Ftags&post=71963"}],"curies":[{"name":"wp","href":"https:\/\/api.w.org\/{rel}","templated":true}]}}