{"id":71967,"date":"2017-11-03T15:31:45","date_gmt":"2017-11-03T13:31:45","guid":{"rendered":"http:\/\/www.sana.sy\/es\/?p=71967"},"modified":"2017-11-03T15:31:45","modified_gmt":"2017-11-03T13:31:45","slug":"de-mistura-realiza-consultas-respecto-a-la-conferencia-de-dialogo-nacional-sirio-en-rusia","status":"publish","type":"post","link":"https:\/\/archive.sana.sy\/es\/?p=71967","title":{"rendered":"De Mistura realiza consultas respecto a la conferencia de di\u00e1logo nacional sirio en Rusia"},"content":{"rendered":"<p>&nbsp;<\/p>\n<p><span style=\"color: #800000;\">Ginebra-SANA<\/span><\/p>\n<p>La portavoz de la sede de Naciones Unidas en Ginebra, Alesandra Vilochi, dijo que el enviado especial de Naciones Unidas a Siria, Staffan de Mistura, realiza actualmente consultas respecto a la conferencia de di\u00e1logo nacional sirio, prevista a celebrarse este mes en la ciudad rusa de Sochi.<\/p>\n<p>En una declaraci\u00f3n a la prensa Vilochi dijo que de Mistura fue informando de tal encuentro, y actualmente est\u00e1 realizando consultas al respecto, sin dar m\u00e1s detalles sobre quien representa a Naciones Unidas en este encuentro.<\/p>\n<p>&nbsp;<\/p>\n<p><span style=\"color: #0000ff;\">Akram. S<\/span><\/p>\n","protected":false},"excerpt":{"rendered":"<p>&nbsp; Ginebra-SANA La portavoz de la sede de Naciones Unidas en Ginebra, Alesandra Vilochi, dijo que el enviado especial de Naciones Unidas a Siria, Staffan de Mistura, realiza actualmente consultas respecto a la conferencia de di\u00e1logo nacional sirio, prevista a celebrarse este mes en la ciudad rusa de Sochi. En una declaraci\u00f3n a la prensa &hellip;<\/p>\n","protected":false},"author":1,"featured_media":71968,"comment_status":"closed","ping_status":"closed","sticky":false,"template":"","format":"standard","meta":{"footnotes":""},"categories":[597,467,7541],"tags":[],"class_list":["post-71967","post","type-post","status-publish","format-standard","has-post-thumbnail","","category-cinta-de-noticias","category-siria-y-el-mundo","category-ultimas-noticias"],"_links":{"self":[{"href":"https:\/\/archive.sana.sy\/es\/index.php?rest_route=\/wp\/v2\/posts\/71967"}],"collection":[{"href":"https:\/\/archive.sana.sy\/es\/index.php?rest_route=\/wp\/v2\/posts"}],"about":[{"href":"https:\/\/archive.sana.sy\/es\/index.php?rest_route=\/wp\/v2\/types\/post"}],"author":[{"embeddable":true,"href":"https:\/\/archive.sana.sy\/es\/index.php?rest_route=\/wp\/v2\/users\/1"}],"replies":[{"embeddable":true,"href":"https:\/\/archive.sana.sy\/es\/index.php?rest_route=%2Fwp%2Fv2%2Fcomments&post=71967"}],"version-history":[{"count":0,"href":"https:\/\/archive.sana.sy\/es\/index.php?rest_route=\/wp\/v2\/posts\/71967\/revisions"}],"wp:featuredmedia":[{"embeddable":true,"href":"https:\/\/archive.sana.sy\/es\/index.php?rest_route=\/wp\/v2\/media\/71968"}],"wp:attachment":[{"href":"https:\/\/archive.sana.sy\/es\/index.php?rest_route=%2Fwp%2Fv2%2Fmedia&parent=71967"}],"wp:term":[{"taxonomy":"category","embeddable":true,"href":"https:\/\/archive.sana.sy\/es\/index.php?rest_route=%2Fwp%2Fv2%2Fcategories&post=71967"},{"taxonomy":"post_tag","embeddable":true,"href":"https:\/\/archive.sana.sy\/es\/index.php?rest_route=%2Fwp%2Fv2%2Ftags&post=71967"}],"curies":[{"name":"wp","href":"https:\/\/api.w.org\/{rel}","templated":true}]}}