{"id":71970,"date":"2017-11-03T16:34:00","date_gmt":"2017-11-03T14:34:00","guid":{"rendered":"http:\/\/www.sana.sy\/es\/?p=71970"},"modified":"2017-11-03T16:34:00","modified_gmt":"2017-11-03T14:34:00","slug":"siria-aborda-fortalecer-las-posibilidades-de-colaboracion-en-el-ambito-de-medicamento-y-equipos-medicos-con-brasil","status":"publish","type":"post","link":"https:\/\/archive.sana.sy\/es\/?p=71970","title":{"rendered":"Siria aborda fortalecer las posibilidades de colaboraci\u00f3n en el \u00e1mbito de medicamento y equipos m\u00e9dicos con Brasil"},"content":{"rendered":"<p>&nbsp;<\/p>\n<p><span style=\"color: #800000;\">Sao Paulo- SANA<\/span><\/p>\n<p>El ministro de Salud, Nizar Yazagi, abord\u00f3 con su hom\u00f3logo brasile\u00f1o, Ricardo Barros- al margen de la Conferencia Mundial de las Hepatitis en Brasil- las posibilidades de fortalecer la colaboraci\u00f3n sanitara entre los dos pa\u00edses, sobre todo en el \u00e1mbito de medicamento y equipos m\u00e9dicos.<\/p>\n<p>El ministro Yazagi aludi\u00f3 a la posibilidad de desarrollar los mecanismos de coordinaci\u00f3n conjunta e intercambiar las experiencias relacionadas con los estudios de bioequivalencia y otras investigaciones cient\u00edficas y m\u00e9dicas desarrolladas.<\/p>\n<p>Yazagi invit\u00f3 a las empresas farmac\u00e9uticas brasile\u00f1as a registrarse en Siria de forma que se refleje en garantizar las necesidades requeridas de medicamentos de calidad, puesto que Brasil es uno de los pa\u00edses m\u00e1s avanzados en las industrias farmac\u00e9uticas y sus f\u00e1bricas se caracterizan por una alta calidad.<\/p>\n<p>Por su parte, el ministro de Salud brasile\u00f1o se\u00f1al\u00f3 las buenas relaciones entre los dos pa\u00edses, diciendo que su ministerio no escatimar\u00e1 esfuerzo en profundizar la colaboraci\u00f3n con el ministerio de Salud sirio.<\/p>\n<p>&nbsp;<\/p>\n<p><span style=\"color: #0000ff;\">Akram. S<\/span><\/p>\n","protected":false},"excerpt":{"rendered":"<p>&nbsp; Sao Paulo- SANA El ministro de Salud, Nizar Yazagi, abord\u00f3 con su hom\u00f3logo brasile\u00f1o, Ricardo Barros- al margen de la Conferencia Mundial de las Hepatitis en Brasil- las posibilidades de fortalecer la colaboraci\u00f3n sanitara entre los dos pa\u00edses, sobre todo en el \u00e1mbito de medicamento y equipos m\u00e9dicos. El ministro Yazagi aludi\u00f3 a la &hellip;<\/p>\n","protected":false},"author":1,"featured_media":71971,"comment_status":"closed","ping_status":"closed","sticky":false,"template":"","format":"standard","meta":{"footnotes":""},"categories":[597,467,7541],"tags":[],"class_list":["post-71970","post","type-post","status-publish","format-standard","has-post-thumbnail","","category-cinta-de-noticias","category-siria-y-el-mundo","category-ultimas-noticias"],"_links":{"self":[{"href":"https:\/\/archive.sana.sy\/es\/index.php?rest_route=\/wp\/v2\/posts\/71970"}],"collection":[{"href":"https:\/\/archive.sana.sy\/es\/index.php?rest_route=\/wp\/v2\/posts"}],"about":[{"href":"https:\/\/archive.sana.sy\/es\/index.php?rest_route=\/wp\/v2\/types\/post"}],"author":[{"embeddable":true,"href":"https:\/\/archive.sana.sy\/es\/index.php?rest_route=\/wp\/v2\/users\/1"}],"replies":[{"embeddable":true,"href":"https:\/\/archive.sana.sy\/es\/index.php?rest_route=%2Fwp%2Fv2%2Fcomments&post=71970"}],"version-history":[{"count":0,"href":"https:\/\/archive.sana.sy\/es\/index.php?rest_route=\/wp\/v2\/posts\/71970\/revisions"}],"wp:featuredmedia":[{"embeddable":true,"href":"https:\/\/archive.sana.sy\/es\/index.php?rest_route=\/wp\/v2\/media\/71971"}],"wp:attachment":[{"href":"https:\/\/archive.sana.sy\/es\/index.php?rest_route=%2Fwp%2Fv2%2Fmedia&parent=71970"}],"wp:term":[{"taxonomy":"category","embeddable":true,"href":"https:\/\/archive.sana.sy\/es\/index.php?rest_route=%2Fwp%2Fv2%2Fcategories&post=71970"},{"taxonomy":"post_tag","embeddable":true,"href":"https:\/\/archive.sana.sy\/es\/index.php?rest_route=%2Fwp%2Fv2%2Ftags&post=71970"}],"curies":[{"name":"wp","href":"https:\/\/api.w.org\/{rel}","templated":true}]}}